{"id":11317,"date":"2026-09-04T07:04:41","date_gmt":"2026-09-04T05:04:41","guid":{"rendered":"https:\/\/andorrainsiders.com\/cuota-temporal-construccion-andorra\/"},"modified":"2026-09-04T07:04:41","modified_gmt":"2026-09-04T05:04:41","slug":"cuota-temporal-construccion-andorra","status":"publish","type":"post","link":"https:\/\/andorrainsiders.com\/ru\/cuota-temporal-construccion-andorra\/","title":{"rendered":"\u0412\u0440\u0435\u043c\u0435\u043d\u043d\u0430\u044f \u043a\u0432\u043e\u0442\u0430 \u043d\u0430 \u0441\u0442\u0440\u043e\u0438\u0442\u0435\u043b\u044c\u0441\u0442\u0432\u043e \u0432 \u0410\u043d\u0434\u043e\u0440\u0440\u0435"},"content":{"rendered":"<h2>Andorra estudia una cuota temporal espec\u00edfica para el sector de la construcci\u00f3n<\/h2>\n<p>El Gobierno de Andorra trabaja en una <strong>cuota temporal para la construcci\u00f3n<\/strong> que permitir\u00eda a las empresas incorporar trabajadores para proyectos concretos. La autorizaci\u00f3n tendr\u00eda una duraci\u00f3n limitada y estar\u00eda vinculada al plazo de cada obra.<\/p>\n<p>La propuesta parte de la asociaci\u00f3n de constructores Acoda, que traslad\u00f3 esta necesidad al Ejecutivo. El ministro portavoz, Guillem Casal, calific\u00f3 la petici\u00f3n de \u201cdemanda interesante\u201d y explic\u00f3 que ya se analizan los cambios legales necesarios.<\/p>\n<p>La medida todav\u00eda no est\u00e1 aprobada. El marco jur\u00eddico actual no contempla este tipo de contingente espec\u00edfico, por lo que ser\u00e1 necesario modificar la normativa. La idea anunciada es permitir que las empresas incorporen personal para una obra determinada y durante el tiempo que dure ese proyecto.<\/p>\n<h2>\u041a\u043b\u044e\u0447\u0435\u0432\u044b\u0435 \u0434\u0430\u043d\u043d\u044b\u0435<\/h2>\n<ul>\n<li>La propuesta fue comunicada p\u00fablicamente el 2 de septiembre de 2026.<\/li>\n<li>El Gobierno espera avanzar en los pr\u00f3ximos meses con un borrador.<\/li>\n<li>Quedan aproximadamente siete meses de legislatura.<\/li>\n<li>La autorizaci\u00f3n estar\u00eda vinculada a los plazos de cada obra.<\/li>\n<\/ul>\n<h2>\u00bfC\u00f3mo funcionar\u00eda la cuota temporal para trabajadores de la construcci\u00f3n?<\/h2>\n<p>El principio anunciado por el Gobierno vincula la autorizaci\u00f3n a la duraci\u00f3n de cada proyecto. Una empresa podr\u00eda solicitar trabajadores para cubrir las necesidades de una obra concreta, aunque todav\u00eda no se conocen las condiciones del procedimiento.<\/p>\n<p>El mecanismo planteado para la construcci\u00f3n estar\u00eda relacionado con una empresa, una obra y un calendario determinados. Al terminar el proyecto o el periodo autorizado, la autorizaci\u00f3n podr\u00eda finalizar, aunque los detalles depender\u00e1n del texto legal que se apruebe.<\/p>\n<p>La futura normativa tendr\u00e1 que definir cuestiones pr\u00e1cticas que todav\u00eda no se conocen: cu\u00e1ntos trabajadores podr\u00e1 solicitar cada empresa, qu\u00e9 documentaci\u00f3n tendr\u00e1 que presentar, qu\u00e9 perfiles profesionales podr\u00e1n incluirse y c\u00f3mo se acreditar\u00e1 la duraci\u00f3n de la obra.<\/p>\n<p>Tambi\u00e9n tendr\u00e1 que precisar c\u00f3mo se gestionar\u00e1n los cambios de calendario, como los retrasos o las modificaciones de una obra. Por ahora, no existe informaci\u00f3n oficial sobre posibles pr\u00f3rrogas, sustituciones de trabajadores o cambios de proyecto.<\/p>\n<h2>\u00bfPor qu\u00e9 las constructoras solicitan este mecanismo?<\/h2>\n<p>La asociaci\u00f3n de constructores ha planteado la necesidad de disponer de personal para proyectos concretos. Seg\u00fan la propuesta, una cuota vinculada a cada obra permitir\u00eda ajustar la duraci\u00f3n de las autorizaciones a los plazos de esos proyectos.<\/p>\n<p>\u0422\u043e <strong>trabajadores temporales en Andorra<\/strong> podr\u00edan cubrir necesidades limitadas a una obra, aunque todav\u00eda no se sabe c\u00f3mo funcionar\u00eda exactamente el sistema ni qu\u00e9 requisitos establecer\u00e1 la futura normativa.<\/p>\n<p>La medida est\u00e1 pensada para responder a una petici\u00f3n del sector de la construcci\u00f3n. Sus efectos concretos depender\u00e1n del contenido de la modificaci\u00f3n legal y de las condiciones que se establezcan.<\/p>\n<p>La creaci\u00f3n de una cuota espec\u00edfica no implicar\u00eda la desaparici\u00f3n de las obligaciones laborales y administrativas aplicables. Las empresas tendr\u00edan que seguir cumpliendo los requisitos que correspondan, de acuerdo con la normativa vigente.<\/p>\n<h2>Situaci\u00f3n legal actual: \u00bfse pueden contratar trabajadores temporales para una obra?<\/h2>\n<p>Seg\u00fan la informaci\u00f3n publicada, el marco jur\u00eddico vigente no permite incluir actualmente esta tipolog\u00eda de contingente. Por tanto, la cuota anunciada no est\u00e1 operativa y ninguna empresa puede solicitar todav\u00eda una autorizaci\u00f3n bajo ese sistema.<\/p>\n<p>Las compa\u00f1\u00edas deben distinguir entre los procedimientos y las cuotas laborales que ya existen y la futura f\u00f3rmula espec\u00edfica para el <strong>sector de la construcci\u00f3n en Andorra<\/strong>. Que el Ejecutivo considere interesante la propuesta no significa que la norma est\u00e9 aprobada ni que los tr\u00e1mites hayan cambiado.<\/p>\n<p>El Gobierno trabaja en un borrador para modificar la normativa, pero todav\u00eda no se ha informado de todos los pasos posteriores ni de la fecha en que el nuevo sistema podr\u00eda aplicarse. Hasta entonces, las empresas deber\u00e1n utilizar los mecanismos vigentes.<\/p>\n<p>Las compa\u00f1\u00edas que organicen contrataciones relacionadas con pr\u00f3ximas obras tendr\u00e1n que basarse en la regulaci\u00f3n actualmente aplicable. El anuncio de la futura cuota no permite dar por aprobadas solicitudes ni fechas de incorporaci\u00f3n.<\/p>\n<h2>\u00bfCu\u00e1ndo podr\u00eda aprobarse la nueva cuota de construcci\u00f3n en Andorra?<\/h2>\n<p>Guillem Casal no ofreci\u00f3 una fecha concreta para la entrada en vigor. El Gobierno ha indicado que ya trabaja en la redacci\u00f3n de un borrador y que espera avanzar durante los pr\u00f3ximos meses, pero esa previsi\u00f3n no equivale a un calendario cerrado.<\/p>\n<p>El contexto parlamentario puede influir en los plazos. Ya ha comenzado el \u00faltimo periodo de sesiones de la legislatura y quedan aproximadamente siete meses. En esta fase suele acumularse la tramitaci\u00f3n de textos en el Consejo General, lo que puede afectar al ritmo de aprobaci\u00f3n.<\/p>\n<p>La redacci\u00f3n de un borrador no significa que la modificaci\u00f3n legal est\u00e9 aprobada ni que el procedimiento pueda comenzar. Esas fases todav\u00eda no tienen una fecha confirmada.<\/p>\n<p>Para una constructora, esto significa que el desarrollo del borrador no permite iniciar solicitudes ni garantiza que el sistema vaya a estar disponible para una obra que comience en una fecha determinada.<\/p>\n<h2>Qu\u00e9 podr\u00eda cambiar para las empresas constructoras de Andorra<\/h2>\n<p>La principal finalidad anunciada es vincular la disponibilidad de trabajadores a proyectos concretos y a los plazos de cada obra. La aplicaci\u00f3n pr\u00e1ctica depender\u00e1 de los cambios legales que se aprueben.<\/p>\n<p>La futura regulaci\u00f3n podr\u00eda establecer requisitos relacionados con la obra, la necesidad de trabajadores, el n\u00famero de puestos y el calendario previsto. Son aspectos que todav\u00eda no han sido confirmados por el Gobierno.<\/p>\n<p>Las empresas interesadas pueden recopilar informaci\u00f3n sobre sus pr\u00f3ximos proyectos, como los calendarios de obra, los puestos necesarios y la duraci\u00f3n estimada de cada fase. Estos datos podr\u00edan ser \u00fatiles si la futura normativa exige justificar la necesidad de personal, aunque todav\u00eda no se conocen los documentos que se solicitar\u00e1n.<\/p>\n<p>Mientras no se apruebe el cambio legal, las empresas deber\u00e1n ajustarse a la normativa laboral y migratoria aplicable y a los procedimientos actualmente vigentes.<\/p>\n<h2>Qu\u00e9 implicar\u00eda para los trabajadores extranjeros que quieren trabajar en la construcci\u00f3n<\/h2>\n<p>La medida podr\u00eda abrir una v\u00eda vinculada a una obra concreta y a un plazo determinado. Para un profesional extranjero, esa relaci\u00f3n entre la autorizaci\u00f3n y el proyecto podr\u00eda ofrecer mayor claridad sobre la duraci\u00f3n prevista del empleo.<\/p>\n<p>Ahora bien, todav\u00eda se desconocen los requisitos. No se ha informado sobre posibles l\u00edmites por profesi\u00f3n, duraci\u00f3n, n\u00famero de trabajadores o nacionalidad. Tampoco est\u00e1 definido el procedimiento para presentar las solicitudes ni la documentaci\u00f3n que tendr\u00edan que aportar las empresas y los candidatos.<\/p>\n<p>Los interesados tendr\u00e1n que esperar a que se publique la normativa o el procedimiento correspondiente para conocer las condiciones. La preparaci\u00f3n de documentaci\u00f3n personal o profesional, por s\u00ed sola, no garantiza la obtenci\u00f3n de una autorizaci\u00f3n.<\/p>\n<p>Un permiso temporal vinculado a una obra tampoco equivaldr\u00eda autom\u00e1ticamente a una residencia permanente en Andorra. La relaci\u00f3n entre este futuro sistema y otras v\u00edas de residencia tendr\u00e1 que concretarse en la normativa.<\/p>\n<h2>\u00bfLa cuota temporal resolver\u00e1 la falta de mano de obra en la construcci\u00f3n?<\/h2>\n<p>La propuesta pretende facilitar la incorporaci\u00f3n de personal para proyectos concretos, pero no permite anticipar por s\u00ed sola cu\u00e1l ser\u00e1 su impacto en el mercado laboral.<\/p>\n<p>El resultado depender\u00e1 del contenido de la normativa, del n\u00famero de trabajadores que puedan incluirse y de la duraci\u00f3n de las autorizaciones. Esos detalles todav\u00eda no se han anunciado.<\/p>\n<p>Tambi\u00e9n ser\u00e1 relevante saber c\u00f3mo se coordinar\u00e1 el nuevo mecanismo con los procedimientos laborales y migratorios que ya existen. La propuesta se encuentra todav\u00eda en fase de an\u00e1lisis y preparaci\u00f3n normativa.<\/p>\n<h2>Qu\u00e9 deben hacer ahora las empresas interesadas<\/h2>\n<p>Las constructoras deben continuar utilizando las cuotas y los procedimientos vigentes hasta que exista una regulaci\u00f3n nueva. El anuncio del Gobierno no permite todav\u00eda solicitar <strong>autorizaciones temporales para la construcci\u00f3n en Andorra<\/strong> bajo el sistema propuesto.<\/p>\n<p>Como preparaci\u00f3n, las empresas pueden ordenar la informaci\u00f3n de cada proyecto: calendario, n\u00famero de puestos, funciones, duraci\u00f3n estimada y documentaci\u00f3n contractual. Todav\u00eda no se sabe qu\u00e9 elementos exigir\u00e1 la futura regulaci\u00f3n.<\/p>\n<p>Las empresas tampoco deber\u00edan organizar contrataciones bas\u00e1ndose en la entrada en vigor de la nueva cuota. La fecha no est\u00e1 confirmada y el contenido definitivo depender\u00e1 de la modificaci\u00f3n normativa.<\/p>\n<p>Para seguir la evoluci\u00f3n, habr\u00e1 que consultar las publicaciones del Gobierno, del Consejo General y de los organismos competentes. Una revisi\u00f3n profesional puede ayudar a identificar las opciones disponibles en cada momento y a preparar la documentaci\u00f3n relacionada con futuros proyectos.<\/p>\n<h2>\u0427\u0430\u0441\u0442\u043e \u0437\u0430\u0434\u0430\u0432\u0430\u0435\u043c\u044b\u0435 \u0432\u043e\u043f\u0440\u043e\u0441\u044b<\/h2>\n<h3>\u00bfQu\u00e9 es la cuota temporal para la construcci\u00f3n en Andorra?<\/h3>\n<p>Es una propuesta para crear un contingente de trabajadores destinado a proyectos concretos de construcci\u00f3n y limitado al plazo de cada obra.<\/p>\n<h3>\u00bfEst\u00e1 aprobada ya la cuota temporal de construcci\u00f3n?<\/h3>\n<p>No. El Gobierno est\u00e1 estudiando los cambios legislativos necesarios y trabajando en un borrador, pero todav\u00eda no existe una regulaci\u00f3n definitiva.<\/p>\n<h3>\u00bfCu\u00e1ndo entrar\u00e1 en vigor la nueva cuota?<\/h3>\n<p>No hay una fecha confirmada. Se espera avanzar durante los pr\u00f3ximos meses, aunque la aprobaci\u00f3n depender\u00e1 de la tramitaci\u00f3n legislativa.<\/p>\n<h3>\u00bfQui\u00e9n propuso esta medida?<\/h3>\n<p>La petici\u00f3n fue planteada por la asociaci\u00f3n de constructores Acoda, y el Gobierno la ha considerado una demanda interesante.<\/p>\n<h3>\u00bfLa cuota permitir\u00e1 contratar trabajadores extranjeros para una sola obra?<\/h3>\n<p>La intenci\u00f3n anunciada es vincular la duraci\u00f3n del personal autorizado al proyecto y a sus plazos, aunque los requisitos concretos todav\u00eda deben definirse.<\/p>\n<p><script type=\"application\/ld+json\">{\n    \"@context\": \"https:\\\/\\\/schema.org\",\n    \"@type\": \"FAQPage\",\n    \"mainEntity\": [\n        {\n            \"@type\": \"Question\",\n            \"name\": \"\\u00bfQu\\u00e9 es la cuota temporal para la construcci\\u00f3n en Andorra?\",\n            \"acceptedAnswer\": {\n                \"@type\": \"Answer\",\n                \"text\": \"Es una propuesta del Gobierno para crear un contingente de trabajadores destinado a proyectos concretos de construcci\\u00f3n y limitado al plazo de cada obra.\"\n            }\n        },\n        {\n            \"@type\": \"Question\",\n            \"name\": \"\\u00bfEst\\u00e1 aprobada ya la cuota temporal de construcci\\u00f3n?\",\n            \"acceptedAnswer\": {\n                \"@type\": \"Answer\",\n                \"text\": \"No. El Gobierno est\\u00e1 estudiando los cambios legislativos necesarios y trabajando en un borrador, pero todav\\u00eda no existe una regulaci\\u00f3n definitiva.\"\n            }\n        },\n        {\n            \"@type\": \"Question\",\n            \"name\": \"\\u00bfCu\\u00e1ndo entrar\\u00e1 en vigor la nueva cuota?\",\n            \"acceptedAnswer\": {\n                \"@type\": \"Answer\",\n                \"text\": \"No hay una fecha confirmada. Se espera avanzar durante los pr\\u00f3ximos meses, aunque la aprobaci\\u00f3n depender\\u00e1 de la tramitaci\\u00f3n legislativa.\"\n            }\n        },\n        {\n            \"@type\": \"Question\",\n            \"name\": \"\\u00bfQui\\u00e9n propuso esta medida?\",\n            \"acceptedAnswer\": {\n                \"@type\": \"Answer\",\n                \"text\": \"La petici\\u00f3n fue planteada por la Asociaci\\u00f3n de Constructores de Andorra, conocida como Acoda, y el Gobierno la ha considerado una demanda interesante.\"\n            }\n        },\n        {\n            \"@type\": \"Question\",\n            \"name\": \"\\u00bfLa cuota permitir\\u00e1 contratar trabajadores extranjeros para una sola obra?\",\n            \"acceptedAnswer\": {\n                \"@type\": \"Answer\",\n                \"text\": \"La intenci\\u00f3n anunciada es vincular la duraci\\u00f3n del personal autorizado al proyecto y a sus plazos, aunque los requisitos concretos todav\\u00eda deben definirse.\"\n            }\n        }\n    ]\n}<\/script><\/p>\n<h2>\u0418\u0441\u0442\u043e\u0447\u043d\u0438\u043a\u0438<\/h2>\n<p><a href=\"https:\/\/www.govern.ad\/\" target=\"_blank\" rel=\"noopener\">\u041f\u0440\u0430\u0432\u0438\u0442\u0435\u043b\u044c\u0441\u0442\u0432\u043e \u0410\u043d\u0434\u043e\u0440\u0440\u044b<\/a>, informaci\u00f3n p\u00fablica sobre la propuesta de una cuota temporal para el sector de la construcci\u00f3n, publicada el 2 de septiembre de 2026.<\/p>","protected":false},"excerpt":{"rendered":"<p>Andorra estudia una cuota temporal espec\u00edfica para el sector de la construcci\u00f3n El Gobierno de Andorra trabaja en una cuota temporal para la construcci\u00f3n que permitir\u00eda a las empresas incorporar trabajadores para proyectos concretos. La autorizaci\u00f3n tendr\u00eda una duraci\u00f3n limitada y estar\u00eda vinculada al plazo de cada obra. La propuesta parte de la asociaci\u00f3n de &#8230; <a title=\"\u0412\u0440\u0435\u043c\u0435\u043d\u043d\u0430\u044f \u043a\u0432\u043e\u0442\u0430 \u043d\u0430 \u0441\u0442\u0440\u043e\u0438\u0442\u0435\u043b\u044c\u0441\u0442\u0432\u043e \u0432 \u0410\u043d\u0434\u043e\u0440\u0440\u0435\" class=\"read-more\" href=\"https:\/\/andorrainsiders.com\/ru\/cuota-temporal-construccion-andorra\/\" aria-label=\"\u041f\u0440\u043e\u0447\u0438\u0442\u0430\u0442\u044c \u0431\u043e\u043b\u044c\u0448\u0435 \u043e Cuota temporal para la construcci\u00f3n en Andorra\">\u0427\u0438\u0442\u0430\u0442\u044c \u0434\u0430\u043b\u0435\u0435<\/a><\/p>","protected":false},"author":1,"featured_media":0,"comment_status":"open","ping_status":"closed","sticky":false,"template":"","format":"standard","meta":{"footnotes":""},"categories":[],"tags":[817,1037,1038,805,1039],"class_list":["post-11317","post","type-post","status-publish","format-standard","hentry","tag-abrir-empresa-en-andorra","tag-construccion-en-andorra","tag-cuotas-de-trabajadores","tag-permisos-de-trabajo-andorra","tag-trabajadores-temporales"],"_links":{"self":[{"href":"https:\/\/andorrainsiders.com\/ru\/wp-json\/wp\/v2\/posts\/11317","targetHints":{"allow":["GET"]}}],"collection":[{"href":"https:\/\/andorrainsiders.com\/ru\/wp-json\/wp\/v2\/posts"}],"about":[{"href":"https:\/\/andorrainsiders.com\/ru\/wp-json\/wp\/v2\/types\/post"}],"author":[{"embeddable":true,"href":"https:\/\/andorrainsiders.com\/ru\/wp-json\/wp\/v2\/users\/1"}],"replies":[{"embeddable":true,"href":"https:\/\/andorrainsiders.com\/ru\/wp-json\/wp\/v2\/comments?post=11317"}],"version-history":[{"count":0,"href":"https:\/\/andorrainsiders.com\/ru\/wp-json\/wp\/v2\/posts\/11317\/revisions"}],"wp:attachment":[{"href":"https:\/\/andorrainsiders.com\/ru\/wp-json\/wp\/v2\/media?parent=11317"}],"wp:term":[{"taxonomy":"category","embeddable":true,"href":"https:\/\/andorrainsiders.com\/ru\/wp-json\/wp\/v2\/categories?post=11317"},{"taxonomy":"post_tag","embeddable":true,"href":"https:\/\/andorrainsiders.com\/ru\/wp-json\/wp\/v2\/tags?post=11317"}],"curies":[{"name":"wp","href":"https:\/\/api.w.org\/{rel}","templated":true}]}}