{"id":9202,"date":"2026-04-28T14:17:04","date_gmt":"2026-04-28T12:17:04","guid":{"rendered":"https:\/\/andorrainsiders.com\/guia-transporte-publico-andorra-2026\/"},"modified":"2026-04-28T14:17:04","modified_gmt":"2026-04-28T12:17:04","slug":"guia-transporte-publico-andorra-2026","status":"publish","type":"post","link":"https:\/\/andorrainsiders.com\/pt\/guia-transporte-publico-andorra-2026\/","title":{"rendered":"Transporte p\u00fablico em Andorra 2026: Guia completo e viagens gratuitas"},"content":{"rendered":"<p>Andorra ha logrado que el 85% de sus residentes utilicen el transporte p\u00fablico de forma habitual gracias a la gratuidad total del abono nacional, una cifra que contrasta radicalmente con el colapso circulatorio que sufren sus carreteras en horas punta.<\/p>\n<p>O <strong>transporte p\u00fablico en Andorra en 2026<\/strong> es totalmente gratuito para todos los residentes legales mediante el abono nacional ilimitado. Esta medida estructural, que integra todas las l\u00edneas del pa\u00eds, permite un ahorro medio de <strong>1.200\u20ac anuales<\/strong> por persona, posicionando a Andorra como l\u00edder europeo en movilidad sostenible y gratuita frente a los modelos de bonificaciones temporales de la Uni\u00f3n Europea.<\/p>\n<h2>\u00bfEs gratuito el transporte p\u00fablico en Andorra para residentes en 2026?<\/h2>\n<p>La respuesta corta es un s\u00ed rotundo. Lo cierto es que, desde que el <a href=\"https:\/\/www.govern.ad\" target=\"_blank\" rel=\"noopener noreferrer\">Govern d&#039;Andorra<\/a> decidi\u00f3 implementar la gratuidad del autob\u00fas nacional como una pol\u00edtica de estado, la movilidad en el Principado ha dado un giro de 180 grados. No se trata de una promoci\u00f3n temporal ni de una medida electoralista, sino de una estrategia consolidada para mitigar el impacto ambiental y reducir la saturaci\u00f3n de las carreteras en un territorio con una orograf\u00eda tan compleja como la andorrana. Para cualquier persona que posea un permiso de residencia legal y efectivo, el coste de desplazarse entre parroquias es de <strong>0 euros<\/strong>.<\/p>\n<p>Esta pol\u00edtica ha tenido un impacto directo en la econom\u00eda familiar. Seamos honestos: mantener un veh\u00edculo privado en Andorra, sumando el seguro, el mantenimiento, el combustible y, sobre todo, el coste de los parkings (que en zonas como Andorra la Vella o Escaldes-Engordany no son precisamente econ\u00f3micos), supone un gasto considerable. La posibilidad de prescindir del coche para los trayectos cotidianos permite un ahorro de <strong>1.200\u20ac anuales<\/strong>, una cifra que muchos residentes destinan ahora a mejorar su calidad de vida o a la inversi\u00f3n personal.<\/p>\n<table>\n<tr>\n<th>Conceito<\/th>\n<th>Andorra (2026)<\/th>\n<th>Espa\u00f1a (Media 2026)<\/th>\n<\/tr>\n<tr>\n<td>Coste abono residente<\/td>\n<td><strong>0\u20ac (Gratuito)<\/strong><\/td>\n<td>30\u20ac &#8211; 55\u20ac (Con bonificaci\u00f3n)<\/td>\n<\/tr>\n<tr>\n<td>Acceso a la gratuidad<\/td>\n<td>Universal para residentes<\/td>\n<td>Sujeto a edad o desempleo<\/td>\n<\/tr>\n<tr>\n<td>Cobertura territorial<\/td>\n<td><strong>100% del pa\u00eds<\/strong><\/td>\n<td>Limitado por zonas\/ciudades<\/td>\n<\/tr>\n<tr>\n<td>Ahorro anual estimado<\/td>\n<td><strong>1.200\u20ac<\/strong><\/td>\n<td>400\u20ac &#8211; 600\u20ac<\/td>\n<\/tr>\n<\/table>\n<h3>\u00bfC\u00f3mo solicitar el abono gratuito de autob\u00fas?<\/h3>\n<p>El proceso para obtener tu abono gratuito es sumamente sencillo, pero requiere que ya tengas formalizada tu residencia. No puedes solicitarlo si solo est\u00e1s de visita o si tu permiso a\u00fan est\u00e1 en tr\u00e1mite inicial. Una vez tengas tu tarjeta de residencia emitida por el Servicio de Inmigraci\u00f3n, debes acudir a los puntos de atenci\u00f3n al cliente de la Estaci\u00f3n de Autobuses de Andorra la Vella o utilizar la aplicaci\u00f3n oficial <strong>Mou-T<\/strong>. Solo necesitas presentar tu documento de identidad andorrano y, en pocos minutos, tendr\u00e1s activado tu pase digital o f\u00edsico.<\/p>\n<p>Es importante que sepas que el abono es personal e intransferible. El sistema utiliza tecnolog\u00eda NFC y c\u00f3digos QR para validar los viajes. Cada vez que subes al autob\u00fas, debes \u00abpicar\u00bb tu billete. Aunque sea gratuito, este gesto es fundamental para que el departamento de estad\u00edstica del <a href=\"https:\/\/www.estadistica.ad\" target=\"_blank\" rel=\"noopener noreferrer\">Governo<\/a> pueda monitorizar la afluencia de pasajeros y ajustar las frecuencias de las l\u00edneas seg\u00fan la demanda real. Si olvidas validar tu trayecto, te arriesgas a una sanci\u00f3n administrativa, ya que el control de fraude sigue siendo riguroso para garantizar la sostenibilidad del modelo.<\/p>\n<h3>\u00bfQu\u00e9 incluye el transporte gratuito para n\u00f3madas digitales?<\/h3>\n<p>Si eres un n\u00f3mada digital que acaba de instalarse en el pa\u00eds con una residencia de profesional aut\u00f3nomo, te interesa saber que tienes exactamente los mismos derechos que cualquier otro residente. La gratuidad incluye todas las l\u00edneas nacionales operadas por las compa\u00f1\u00edas <strong>Nadal y Coopalsa<\/strong>. Esto significa que puedes vivir en una parroquia alta como Canillo o Ordino y desplazarte diariamente al centro para trabajar en un coworking o disfrutar de la oferta gastron\u00f3mica sin gastar un solo c\u00e9ntimo en transporte.<\/p>\n<p>La red cubre desde la frontera hispano-andorrana en Sant Juli\u00e0 de L\u00f2ria hasta la frontera francesa en el Pas de la Casa. Para un n\u00f3mada digital, esto supone una libertad total. La realidad es que, seg\u00fan <a href=\"https:\/\/andorrainsiders.com\/pt\/noticias\/evolucion-transporte-publico-andorra-2026\/\" target=\"_blank\" rel=\"noopener noreferrer\">este an\u00e1lisis del sector<\/a>, la integraci\u00f3n de servicios ha permitido que muchos profesionales remotos decidan no comprar un coche durante su primer a\u00f1o en el pa\u00eds. Adem\u00e1s, los autobuses cuentan con conexi\u00f3n Wi-Fi gratuita y puntos de carga USB en la mayor\u00eda de sus unidades, lo que te permite seguir conectado incluso durante tus desplazamientos por el valle.<\/p>\n<h2>\u00bfCu\u00e1les son las l\u00edneas de autob\u00fas m\u00e1s eficientes para moverse por Andorra?<\/h2>\n<p>Moverse por Andorra no es como hacerlo por una gran metr\u00f3polis plana; aqu\u00ed la geograf\u00eda dicta las rutas. En 2026, la red de transporte p\u00fablico est\u00e1 dise\u00f1ada de forma radial, conectando todas las parroquias con el eje central formado por Andorra la Vella y Escaldes-Engordany. La eficiencia ha mejorado notablemente gracias a la renovaci\u00f3n de la flota, que ahora es mayoritariamente h\u00edbrida o el\u00e9ctrica, y a la optimizaci\u00f3n de los horarios mediante inteligencia artificial aplicada al tr\u00e1fico.<\/p>\n<p>La puntualidad media en Andorra supera el <strong>92%<\/strong>, situ\u00e1ndose por encima de redes metropolitanas de ciudades como Madrid o Barcelona, donde los retrasos suelen ser m\u00e1s frecuentes debido a la complejidad de sus infraestructuras ferroviarias y el tr\u00e1fico saturado. En el Principado, la clave de esta eficiencia reside en las <strong>L\u00edneas Express<\/strong>. Estas rutas est\u00e1n dise\u00f1adas para conectar los n\u00facleos urbanos m\u00e1s alejados con el centro en un tiempo r\u00e9cord, evitando paradas intermedias innecesarias y utilizando carriles preferentes en los puntos m\u00e1s cr\u00edticos de la CG-1 y la CG-2.<\/p>\n<h3>\u00bfQu\u00e9 diferencias hay entre las l\u00edneas de Coopalsa y Nadal?<\/h3>\n<p>Aunque para ti como usuario el abono sea \u00fanico y gratuito, la gesti\u00f3n del servicio est\u00e1 dividida entre dos concesionarias principales. <strong>Coopalsa<\/strong> se encarga mayoritariamente de las l\u00edneas que conectan el centro con las parroquias del norte (Encamp, Canillo y las estaciones de esqu\u00ed de Grandvalira), as\u00ed como las l\u00edneas transversales. Sus veh\u00edculos suelen ser de gran capacidad y est\u00e1n preparados para las inclemencias del tiempo invernal, contando con sistemas de tracci\u00f3n avanzada para garantizar la seguridad cuando la nieve hace acto de presencia.<\/p>\n<p>Por otro lado, la empresa <strong>Nadal<\/strong> gestiona principalmente la conexi\u00f3n con Sant Juli\u00e0 de L\u00f2ria y las rutas que se dirigen hacia la frontera espa\u00f1ola. Su l\u00ednea estrella, la <strong>L1<\/strong>, es la columna vertebral del pa\u00eds. Conecta Sant Juli\u00e0 con Escaldes-Engordany con frecuencias de tan solo 10 minutos en horas punta. Si vives en este eje, pr\u00e1cticamente no necesitas mirar el horario; siempre habr\u00e1 un autob\u00fas a punto de llegar. La coordinaci\u00f3n entre ambas compa\u00f1\u00edas es total, lo que permite transbordos \u00e1giles en paradas estrat\u00e9gicas como la de la Estaci\u00f3n Nacional o la Plaza de la Rotonda.<\/p>\n<h3>\u00bfC\u00f3mo funcionan los buses nocturnos (Bus Nit) en 2026?<\/h3>\n<p>La movilidad nocturna es uno de los servicios que m\u00e1s ha evolucionado. El <strong>Bus Nit<\/strong> ya no es solo un servicio de fin de semana para j\u00f3venes. En 2026, funciona todas las noches con horarios extendidos que cubren hasta las 3:00 AM los d\u00edas laborables y hasta las 5:00 AM los viernes, s\u00e1bados y v\u00edsperas de festivos. Esto es vital para quienes trabajan en el sector de la hosteler\u00eda o simplemente para quienes quieren disfrutar de una cena en otra parroquia sin preocuparse por conducir de vuelta a casa.<\/p>\n<p>El Bus Nit opera bajo tres rutas principales que cubren todo el territorio nacional. La seguridad en estos trayectos es m\u00e1xima, con c\u00e1maras de vigilancia en tiempo real y conductores formados en asistencia ciudadana. Adem\u00e1s, la aplicaci\u00f3n <strong>Mou-T<\/strong> te permite ver exactamente d\u00f3nde se encuentra el bus nocturno en el mapa, lo que reduce los tiempos de espera a la intemperie, algo que agradecer\u00e1s enormemente durante los meses de invierno. Cada situaci\u00f3n es diferente, pero la disponibilidad de este servicio nocturno gratuito es uno de los pilares que hacen que vivir sin coche en Andorra sea una opci\u00f3n real para muchos.<\/p>\n<h2>\u00bfC\u00f3mo afecta la saturaci\u00f3n del tr\u00e1fico a la movilidad urbana en Andorra?<\/h2>\n<p>A pesar de la excelente red de autobuses, Andorra sigue enfrentando retos significativos debido a su limitaci\u00f3n geogr\u00e1fica. Con un solo eje viario principal que atraviesa el pa\u00eds, cualquier incidente o aumento masivo de visitantes puede generar retenciones. En 2026, se registran picos de <strong>15.000 veh\u00edculos diarios<\/strong> en la frontera hispano-andorrana, especialmente durante los puentes festivos y la temporada alta de esqu\u00ed. Esta presi\u00f3n circulatoria es precisamente la que ha impulsado la creaci\u00f3n de infraestructuras exclusivas para el transporte colectivo.<\/p>\n<p>Andorra aplica una gesti\u00f3n de micro-movilidad similar a la de <strong>Suiza<\/strong>, priorizando el transporte colectivo en valles estrechos donde la expansi\u00f3n de carreteras es geogr\u00e1ficamente imposible. No se pueden construir m\u00e1s carriles en laderas de monta\u00f1as escarpadas sin un impacto ambiental inasumible. Por ello, la soluci\u00f3n ha sido la segregaci\u00f3n: se han implementado carriles bus exclusivos en tramos estrat\u00e9gicos de la CG-1 y la CG-2, permitiendo que el transporte p\u00fablico \u00abadelante\u00bb a las colas de veh\u00edculos privados durante los momentos de mayor saturaci\u00f3n.<\/p>\n<h3>\u00bfCu\u00e1les son las horas cr\u00edticas de tr\u00e1fico en el eje central?<\/h3>\n<p>Si decides vivir en Andorra, pronto aprender\u00e1s que hay ventanas horarias que es mejor evitar si te desplazas en veh\u00edculo privado. Las horas cr\u00edticas suelen ser de <strong>8:00 a 9:30<\/strong> por la ma\u00f1ana, cuando se produce el flujo de residentes hacia los centros escolares y puestos de trabajo, y de <strong>17:30 a 19:30<\/strong> por la tarde. En estas franjas, el eje que une la Avenida Enclar con la Avenida Tarragona suele presentar una circulaci\u00f3n densa.<\/p>\n<p>Adem\u00e1s, debes tener en cuenta el efecto de los trabajadores fronterizos. Miles de personas cruzan cada d\u00eda la frontera desde la Seu d&#8217;Urgell para trabajar en el Principado. Esto genera un flujo de entrada muy marcado por la ma\u00f1ana y de salida por la tarde. Sin embargo, gracias a que el uso del transporte p\u00fablico ha crecido un <strong>35%<\/strong> desde la implementaci\u00f3n de las Zonas de Bajas Emisiones (ZBE) en los centros urbanos, la fluidez ha mejorado respecto a a\u00f1os anteriores. El transporte p\u00fablico ya no es solo una opci\u00f3n ecol\u00f3gica, es la forma m\u00e1s inteligente de evitar el estr\u00e9s del tr\u00e1fico diario.<\/p>\n<h3>\u00bfEs m\u00e1s r\u00e1pido el autob\u00fas que el coche privado en 2026?<\/h3>\n<p>En muchos trayectos urbanos, la respuesta es s\u00ed. Gracias a los carriles bus y a la prioridad semaf\u00f3rica que se ha instalado en las intersecciones m\u00e1s conflictivas, el autob\u00fas nacional logra tiempos de viaje muy competitivos. Por ejemplo, el trayecto entre Sant Juli\u00e0 de L\u00f2ria y el centro de Andorra la Vella puede ser hasta un <strong>15% m\u00e1s r\u00e1pido<\/strong> en autob\u00fas durante la hora punta que en coche privado, ya que el bus evita los embotellamientos en las rotondas principales.<\/p>\n<p>Otro factor determinante es el tiempo de aparcamiento. En el centro de Andorra, encontrar una plaza de parking en la calle es pr\u00e1cticamente imposible, y entrar en un parking p\u00fablico puede llevarte varios minutos adicionales. El autob\u00fas te deja en el coraz\u00f3n de la zona comercial o administrativa, eliminando por completo la necesidad de buscar estacionamiento. Si sumas el tiempo de conducci\u00f3n m\u00e1s el tiempo de aparcado, el transporte p\u00fablico sale ganando en la mayor\u00eda de los escenarios cotidianos dentro del eje central.<\/p>\n<h2>\u00bfQu\u00e9 alternativas de movilidad sostenible existen m\u00e1s all\u00e1 del autob\u00fas?<\/h2>\n<p>Andorra no se ha detenido en el autob\u00fas gratuito. El pa\u00eds aspira a ser un referente mundial en movilidad el\u00e9ctrica y micro-movilidad. Lo cierto es que la densidad de cargadores el\u00e9ctricos por habitante en Andorra es la m\u00e1s alta de Europa, superando incluso a <strong>Noruega<\/strong> en proporci\u00f3n al territorio. Esto no es casualidad, sino el resultado de a\u00f1os de inversi\u00f3n p\u00fablica y privada coordinada por la <a href=\"https:\/\/www.afa.ad\" target=\"_blank\" rel=\"noopener noreferrer\">AFA<\/a> y el Ministerio de Econom\u00eda para facilitar la transici\u00f3n energ\u00e9tica.<\/p>\n<p>Para trayectos cortos dentro de las parroquias centrales, la bicicleta el\u00e9ctrica se ha convertido en la reina de las calles. El relieve de Andorra, que antes era una barrera infranqueable para el ciclismo urbano, ha dejado de ser un problema gracias a la asistencia el\u00e9ctrica. Adem\u00e1s, la red de cargadores p\u00fablicos gratuitos para residentes durante las primeras 2 horas fomenta que incluso quienes poseen veh\u00edculo propio opten por modelos el\u00e9ctricos para sus desplazamientos internos.<\/p>\n<h3>\u00bfC\u00f3mo funciona el servicio de bicicletas el\u00e9ctricas Cicland?<\/h3>\n<p><strong>ciclovia<\/strong> es el sistema p\u00fablico de bicicleta el\u00e9ctrica compartida y es el complemento perfecto al autob\u00fas. En 2026, cuenta con m\u00e1s de <strong>50 estaciones<\/strong> repartidas por las 7 parroquias, incluyendo puntos en zonas elevadas como Pal o el Lago de Engolasters. Como residente, puedes acceder a tarifas muy reducidas o incluso a bonos anuales integrados con tu tarjeta de transporte gratuito, lo que te permite combinar bus y bici de forma fluida.<\/p>\n<p>El funcionamiento es totalmente digital a trav\u00e9s de una App. Llegas a la estaci\u00f3n, escaneas el c\u00f3digo de la bicicleta y empiezas a pedalear. La asistencia el\u00e9ctrica es lo suficientemente potente como para subir las cuestas de Escaldes sin apenas esfuerzo. Al terminar, simplemente anclas la bicicleta en cualquier otra estaci\u00f3n de la red. Es una opci\u00f3n ideal para esos trayectos de \u00ab\u00faltima milla\u00bb que el autob\u00fas no cubre exactamente hasta la puerta de tu casa o de tu oficina.<\/p>\n<h3>\u00bfVale la pena comprar un coche el\u00e9ctrico en Andorra en 2026?<\/h3>\n<p>Si a pesar de las facilidades del transporte p\u00fablico decides que necesitas un coche, la opci\u00f3n el\u00e9ctrica es, sin duda, la m\u00e1s inteligente en Andorra. El <strong>Plan Engega<\/strong>, renovado anualmente en el <a href=\"https:\/\/www.bopa.ad\" target=\"_blank\" rel=\"noopener noreferrer\">BOPA<\/a>, ofrece ayudas estatales de hasta <strong>8.000\u20ac<\/strong> para la compra de veh\u00edculos el\u00e9ctricos puros. Si a esto le sumas que el impuesto de matriculaci\u00f3n es significativamente m\u00e1s bajo que en Espa\u00f1a y que el coste de la electricidad en Andorra es uno de los m\u00e1s competitivos de Europa, la rentabilidad a largo plazo es indiscutible.<\/p>\n<p>Adem\u00e1s, los veh\u00edculos el\u00e9ctricos disfrutan de ventajas adicionales, como el estacionamiento gratuito en zonas azules y verdes de muchas parroquias, y el acceso prioritario en d\u00edas de restricciones por contaminaci\u00f3n. No obstante, recuerda que cada situaci\u00f3n es diferente; si tus desplazamientos son exclusivamente por el centro, el transporte gratuito y Cicland siguen siendo la opci\u00f3n m\u00e1s econ\u00f3mica y eficiente. Consulta con un gestor local para conocer las bases exactas del Plan Engega antes de realizar tu inversi\u00f3n.<\/p>\n<h2>\u00bfC\u00f3mo planificar tus desplazamientos diarios si eres n\u00f3mada digital en Andorra?<\/h2>\n<p>Para un n\u00f3mada digital, el tiempo es el recurso m\u00e1s valioso. Por ello, la planificaci\u00f3n de la movilidad es un factor clave a la hora de elegir d\u00f3nde vivir. El concepto de <strong>\u00abciudad de 15 minutos\u00bb<\/strong> es una realidad en el centro de Andorra, algo que en capitales europeas sigue siendo un objetivo a largo plazo. En el eje formado por Andorra la Vella y Escaldes-Engordany, tienes acceso a supermercados, centros de salud, bancos, notar\u00edas y zonas de ocio a menos de 15 minutos a pie de tu residencia.<\/p>\n<p>Si tu perfil profesional te permite trabajar desde casa pero necesitas desplazarte ocasionalmente para reuniones o networking, la infraestructura andorrana te lo pone f\u00e1cil. La clave est\u00e1 en la integraci\u00f3n digital. No necesitas consultar tres webs distintas para saber c\u00f3mo llegar a un sitio; todo est\u00e1 centralizado en herramientas que funcionan en tiempo real. La digitalizaci\u00f3n ha permitido que vivir en Andorra sea tan c\u00f3modo como vivir en una gran capital, pero con la seguridad y el aire puro de los Pirineos.<\/p>\n<h3>\u00bfD\u00f3nde vivir para no depender del coche?<\/h3>\n<p>Si tu objetivo es una vida <strong>100% peatonal<\/strong>, las zonas de <strong>Prada Casadet<\/strong> en Andorra la Vella o el \u00e1rea de <strong>Clot d&#8217;Emprivat<\/strong> en Escaldes son tus mejores opciones. En estas ubicaciones, la dependencia del veh\u00edculo es nula. Tienes la estaci\u00f3n nacional de autobuses a un paso, lo que te facilita no solo moverte por el pa\u00eds, sino tambi\u00e9n tomar los buses directos hacia los aeropuertos de Barcelona o Toulouse.<\/p>\n<p>Por el contrario, si prefieres la tranquilidad de las parroquias altas como Ordino o la Massana, el transporte p\u00fablico gratuito ser\u00e1 tu mejor aliado. Aunque en estas zonas la vida es m\u00e1s pausada, las frecuencias de los autobuses hacia el centro son constantes. Vivir en un pueblo de monta\u00f1a y trabajar en la capital sin tener que conducir es uno de los mayores lujos que ofrece el modelo andorrano en 2026. Eso s\u00ed, ten en cuenta que el coste del parking mensual en centros urbanos oscila entre los <strong>90\u20ac y 150\u20ac<\/strong>, por lo que si decides tener coche, deber\u00e1s sumar este gasto fijo a tu presupuesto.<\/p>\n<h3>\u00bfQu\u00e9 aplicaciones son imprescindibles para la movilidad?<\/h3>\n<p>La aplicaci\u00f3n <strong>Mou-T<\/strong> es, sin duda, la herramienta imprescindible. No solo integra los horarios de todas las l\u00edneas de autob\u00fas y el sistema de bicicletas Cicland, sino que tambi\u00e9n te muestra la disponibilidad en tiempo real de los parkings p\u00fablicos. Si un d\u00eda decides coger el coche, la App te avisar\u00e1 de qu\u00e9 parkings est\u00e1n llenos antes de que llegues al centro, ahorr\u00e1ndote vueltas innecesarias. Tambi\u00e9n incluye alertas sobre el estado de las carreteras y posibles cortes por eventos deportivos o meteorolog\u00eda.<\/p>\n<p>Otra herramienta \u00fatil para tus desplazamientos internacionales es la aplicaci\u00f3n de las compa\u00f1\u00edas de bus transfronterizo (como Andbus o DirectBus). Para un n\u00f3mada digital que viaja con frecuencia, tener estas apps configuradas te permite gestionar tus traslados al Aeropuerto de El Prat de forma r\u00e1pida. En definitiva, la combinaci\u00f3n de tecnolog\u00eda, gratuidad y una red de transporte bien estructurada hace que, en 2026, vivir en Andorra sin coche sea no solo posible, sino para muchos, la opci\u00f3n preferida. \u00bfEst\u00e1s listo para dejar las llaves del coche en casa y empezar a disfrutar de la movilidad sin l\u00edmites en el coraz\u00f3n de los Pirineos?<\/p>\n<h2>Perguntas frequentes<\/h2>\n<h3>\u00bfEs gratis el autob\u00fas en Andorra para turistas en 2026?<\/h3>\n<p>No, la gratuidad total del transporte p\u00fablico en Andorra est\u00e1 reservada exclusivamente para los residentes legales con abono nacional. Los turistas deben adquirir billetes sencillos o abonos temporales de pago.<\/p>\n<h3>\u00bfC\u00f3mo se solicita el abono gratuito de transporte?<\/h3>\n<p>Los residentes deben presentar su tarjeta de residencia en vigor en la Estaci\u00f3n de Autobuses de Andorra la Vella o tramitarlo digitalmente a trav\u00e9s de la aplicaci\u00f3n oficial Mou-T.<\/p>\n<h3>\u00bfQu\u00e9 l\u00edneas de autob\u00fas son gratuitas en Andorra?<\/h3>\n<p>El abono nacional gratuito cubre todas las l\u00edneas regulares del pa\u00eds operadas por las compa\u00f1\u00edas Coopalsa y Nadal, conectando todas las parroquias desde Sant Juli\u00e0 hasta el Pas de la Casa.<\/p>\n<h3>\u00bfHay transporte p\u00fablico nocturno en Andorra?<\/h3>\n<p>S\u00ed, el servicio Bus Nit funciona todas las noches de la semana, con horarios extendidos hasta las 3:00 AM en d\u00edas laborables y hasta las 5:00 AM los fines de semana y v\u00edsperas de festivos.<\/p>\n<h3>\u00bfPuedo llevar mi bicicleta en el autob\u00fas?<\/h3>\n<p>La mayor\u00eda de los autobuses de la red nacional est\u00e1n equipados con soportes o permiten el acceso de bicicletas, complementando el servicio p\u00fablico de bicis el\u00e9ctricas Cicland.<\/p>\n<p><script type=\"application\/ld+json\">{\n    \"@context\": \"https:\\\/\\\/schema.org\",\n    \"@type\": \"FAQPage\",\n    \"mainEntity\": [\n        {\n            \"@type\": \"Question\",\n            \"name\": \"\\u00bfEs gratis el autob\\u00fas en Andorra para turistas en 2026?\",\n            \"acceptedAnswer\": {\n                \"@type\": \"Answer\",\n                \"text\": \"No, la gratuidad total del transporte p\\u00fablico en Andorra est\\u00e1 reservada exclusivamente para los residentes legales con abono nacional. Los turistas deben adquirir billetes sencillos o abonos temporales de pago.\"\n            }\n        },\n        {\n            \"@type\": \"Question\",\n            \"name\": \"\\u00bfC\\u00f3mo se solicita el abono gratuito de transporte?\",\n            \"acceptedAnswer\": {\n                \"@type\": \"Answer\",\n                \"text\": \"Los residentes deben presentar su tarjeta de residencia en vigor en la Estaci\\u00f3n de Autobuses de Andorra la Vella o tramitarlo digitalmente a trav\\u00e9s de la aplicaci\\u00f3n oficial Mou-T.\"\n            }\n        },\n        {\n            \"@type\": \"Question\",\n            \"name\": \"\\u00bfQu\\u00e9 l\\u00edneas de autob\\u00fas son gratuitas en Andorra?\",\n            \"acceptedAnswer\": {\n                \"@type\": \"Answer\",\n                \"text\": \"El abono nacional gratuito cubre todas las l\\u00edneas regulares del pa\\u00eds operadas por las compa\\u00f1\\u00edas Coopalsa y Nadal, conectando todas las parroquias desde Sant Juli\\u00e0 hasta el Pas de la Casa.\"\n            }\n        },\n        {\n            \"@type\": \"Question\",\n            \"name\": \"\\u00bfHay transporte p\\u00fablico nocturno en Andorra?\",\n            \"acceptedAnswer\": {\n                \"@type\": \"Answer\",\n                \"text\": \"S\\u00ed, el servicio Bus Nit funciona todas las noches de la semana, con horarios extendidos hasta las 3:00 AM en d\\u00edas laborables y hasta las 5:00 AM los fines de semana y v\\u00edsperas de festivos.\"\n            }\n        },\n        {\n            \"@type\": \"Question\",\n            \"name\": \"\\u00bfPuedo llevar mi bicicleta en el autob\\u00fas?\",\n            \"acceptedAnswer\": {\n                \"@type\": \"Answer\",\n                \"text\": \"La mayor\\u00eda de los autobuses de la red nacional est\\u00e1n equipados con soportes o permiten el acceso de bicicletas, complementando el servicio p\\u00fablico de bicis el\\u00e9ctricas Cicland.\"\n            }\n        }\n    ]\n}<\/script><\/p>","protected":false},"excerpt":{"rendered":"<p>Todo sobre el transporte p\u00fablico en Andorra en 2026: gratuidad para residentes, ahorro de 1.200\u20ac anuales y las mejores l\u00edneas para moverte por el pa\u00eds.<\/p>","protected":false},"author":1,"featured_media":9201,"comment_status":"open","ping_status":"closed","sticky":false,"template":"","format":"standard","meta":{"footnotes":""},"categories":[47],"tags":[692,693],"class_list":["post-9202","post","type-post","status-publish","format-standard","has-post-thumbnail","hentry","category-informacion-y-noticias","tag-movilidad-andorra","tag-transporte-publico"],"_links":{"self":[{"href":"https:\/\/andorrainsiders.com\/pt\/wp-json\/wp\/v2\/posts\/9202","targetHints":{"allow":["GET"]}}],"collection":[{"href":"https:\/\/andorrainsiders.com\/pt\/wp-json\/wp\/v2\/posts"}],"about":[{"href":"https:\/\/andorrainsiders.com\/pt\/wp-json\/wp\/v2\/types\/post"}],"author":[{"embeddable":true,"href":"https:\/\/andorrainsiders.com\/pt\/wp-json\/wp\/v2\/users\/1"}],"replies":[{"embeddable":true,"href":"https:\/\/andorrainsiders.com\/pt\/wp-json\/wp\/v2\/comments?post=9202"}],"version-history":[{"count":0,"href":"https:\/\/andorrainsiders.com\/pt\/wp-json\/wp\/v2\/posts\/9202\/revisions"}],"wp:featuredmedia":[{"embeddable":true,"href":"https:\/\/andorrainsiders.com\/pt\/wp-json\/wp\/v2\/media\/9201"}],"wp:attachment":[{"href":"https:\/\/andorrainsiders.com\/pt\/wp-json\/wp\/v2\/media?parent=9202"}],"wp:term":[{"taxonomy":"category","embeddable":true,"href":"https:\/\/andorrainsiders.com\/pt\/wp-json\/wp\/v2\/categories?post=9202"},{"taxonomy":"post_tag","embeddable":true,"href":"https:\/\/andorrainsiders.com\/pt\/wp-json\/wp\/v2\/tags?post=9202"}],"curies":[{"name":"wp","href":"https:\/\/api.w.org\/{rel}","templated":true}]}}