{"id":8060,"date":"2024-01-29T15:43:06","date_gmt":"2024-01-29T14:43:06","guid":{"rendered":"https:\/\/andorrainsiders.com\/?p=8060"},"modified":"2026-04-26T08:55:34","modified_gmt":"2026-04-26T06:55:34","slug":"premios-esland-andorra-2024","status":"publish","type":"post","link":"https:\/\/andorrainsiders.com\/pt\/premios-ilha-andorra-2024\/","title":{"rendered":"Pr\u00eamios ESLAND em Andorra 2024: veja como foi a gala."},"content":{"rendered":"<p>O <a href=\"https:\/\/premiosesland.com\" target=\"_blank\" rel=\"noopener\">Pr\u00eamios ESLAND<\/a> surgiram como um evento anual essencial no mundo do entretenimento digital de l\u00edngua espanhola, reunindo os mais proeminentes criadores de conte\u00fado, streamers e personalidades da Internet. <strong>Em sua terceira edi\u00e7\u00e3o, <strong>realizada em 16 de fevereiro de 2024<\/strong>A cerim\u00f4nia de premia\u00e7\u00e3o aconteceu no cen\u00e1rio pitoresco de Andorra.<\/strong>. Embora j\u00e1 saibamos disso <a href=\"https:\/\/andorrainsiders.com\/pt\/influenciador-de-streamer-do-youtuber\/\" data-type=\"post\" data-id=\"1719\">Andorra \u00e9 um lugar ideal para streamers e criadores de conte\u00fado<\/a>.<\/p>\n\n\n\n<p>Neste artigo mergulhamos em todos os detalhes dos Pr\u00e9mios ESLAND 2024, desde a sua hist\u00f3ria e evolu\u00e7\u00e3o at\u00e9 ao que podemos esperar nesta edi\u00e7\u00e3o especial em Andorra. H\u00e1 expectativas sobre como esta edi\u00e7\u00e3o ser\u00e1 comparada \u00e0s anteriores, principalmente considerando <a href=\"https:\/\/es.wikipedia.org\/wiki\/Premios_Esland\" target=\"_blank\" rel=\"noopener\">as pol\u00eamicas<\/a> e os destaques do \u00faltimo realizado no M\u00e9xico. Eles tamb\u00e9m podem obter <a href=\"https:\/\/premiosesland.com\/info\" target=\"_blank\" rel=\"noopener\">Mais informa\u00e7\u00f5es sobre os pr\u00eamios aqui<\/a>.<\/p>\n\n\n\n<figure class=\"wp-block-image size-large\"><img fetchpriority=\"high\" decoding=\"async\" width=\"1024\" height=\"585\" src=\"https:\/\/andorrainsiders.com\/wp-content\/uploads\/2024\/01\/DALL\u00b7E-2024-01-29-14.32.33-A-captivating-horizontal-landscape-image-representing-the-ESLAND-Awards-2024-in-Andorra.-The-image-should-feature-a-luxurious-red-carpet-event-in-a--1024x585.png\" alt=\"Pr\u00eamios ESLAND, pr\u00eamios Andorra 2024\" class=\"wp-image-8087\" srcset=\"https:\/\/andorrainsiders.com\/wp-content\/uploads\/2024\/01\/DALL\u00b7E-2024-01-29-14.32.33-A-captivating-horizontal-landscape-image-representing-the-ESLAND-Awards-2024-in-Andorra.-The-image-should-feature-a-luxurious-red-carpet-event-in-a--1024x585.png 1024w, https:\/\/andorrainsiders.com\/wp-content\/uploads\/2024\/01\/DALL\u00b7E-2024-01-29-14.32.33-A-captivating-horizontal-landscape-image-representing-the-ESLAND-Awards-2024-in-Andorra.-The-image-should-feature-a-luxurious-red-carpet-event-in-a--300x171.png 300w, https:\/\/andorrainsiders.com\/wp-content\/uploads\/2024\/01\/DALL\u00b7E-2024-01-29-14.32.33-A-captivating-horizontal-landscape-image-representing-the-ESLAND-Awards-2024-in-Andorra.-The-image-should-feature-a-luxurious-red-carpet-event-in-a--768x439.png 768w, https:\/\/andorrainsiders.com\/wp-content\/uploads\/2024\/01\/DALL\u00b7E-2024-01-29-14.32.33-A-captivating-horizontal-landscape-image-representing-the-ESLAND-Awards-2024-in-Andorra.-The-image-should-feature-a-luxurious-red-carpet-event-in-a--1536x878.png 1536w, https:\/\/andorrainsiders.com\/wp-content\/uploads\/2024\/01\/DALL\u00b7E-2024-01-29-14.32.33-A-captivating-horizontal-landscape-image-representing-the-ESLAND-Awards-2024-in-Andorra.-The-image-should-feature-a-luxurious-red-carpet-event-in-a--18x10.png 18w, https:\/\/andorrainsiders.com\/wp-content\/uploads\/2024\/01\/DALL\u00b7E-2024-01-29-14.32.33-A-captivating-horizontal-landscape-image-representing-the-ESLAND-Awards-2024-in-Andorra.-The-image-should-feature-a-luxurious-red-carpet-event-in-a-.png 1792w\" sizes=\"(max-width: 1024px) 100vw, 1024px\" \/><\/figure>\n\n\n\n<h2 class=\"wp-block-heading\">O que s\u00e3o os Pr\u00e9mios ESLAND?<\/h2>\n\n\n\n<p>Os ESLAND Awards s\u00e3o uma gala de pr\u00e9mios que surgiu como uma <strong>refer\u00eancia no universo de streaming e cria\u00e7\u00e3o de conte\u00fado na comunidade de l\u00edngua espanhola<\/strong>. Poder\u00edamos dizer que \u00e9 como o <a href=\"https:\/\/es.wikipedia.org\/wiki\/Premios_\u00d3scar\" target=\"_blank\" rel=\"noopener\">Pr\u00eamios do Oscar<\/a> ou o <a href=\"https:\/\/www.premiosgoya.com\" target=\"_blank\" rel=\"noopener\">Pr\u00eamios Goya<\/a>, mas com criadores de conte\u00fado digital. Ou seja: aplicado ao entretenimento digital na Internet, e n\u00e3o \u00e0 ind\u00fastria cinematogr\u00e1fica. Ou como o <a href=\"https:\/\/www.grammy.com\" target=\"_blank\" rel=\"noopener\">Grammy na m\u00fasica<\/a>. De fato, <strong>ESLAND vem da Espanha (ES), Am\u00e9rica Latina (LA) e Andorra (AND)<\/strong>, as regi\u00f5es dos criadores de conte\u00fado de l\u00edngua espanhola.<\/p>\n\n\n\n<p>Esta cerim\u00f3nia anual reconhece e celebra a excel\u00eancia e o impacto dos criadores de conte\u00fados em diversas plataformas digitais. Desde a sua cria\u00e7\u00e3o, os Pr\u00e9mios ESLAND t\u00eam sido uma <strong>plataforma para destacar aqueles indiv\u00edduos que deixaram uma marca significativa no mundo do entretenimento digital<\/strong>, seja atrav\u00e9s do seu conte\u00fado inovador, da sua capacidade de se conectar com p\u00fablicos de massa ou da sua influ\u00eancia na cultura popular.<\/p>\n\n\n\n<p>A ess\u00eancia destes pr\u00e9mios reside na sua capacidade de refletir a evolu\u00e7\u00e3o e as tend\u00eancias atuais do mundo digital. <strong>A cada ano, as categorias de pr\u00eamios s\u00e3o ajustadas e evolu\u00eddas para melhor representar as conquistas e contribui\u00e7\u00f5es.<\/strong> mais not\u00e1vel dentro da comunidade de criadores. Essas categorias variam de &#039;<em>Melhor criador de conte\u00fado do ano<\/em>&#039; at\u00e9 &#039;<em>Melhor momento viral<\/em>&#039;, oferecendo assim uma vis\u00e3o completa da diversidade e riqueza dos conte\u00fados digitais.<\/p>\n\n\n\n<p>Al\u00e9m da cerim\u00f4nia de premia\u00e7\u00e3o, <strong>Os ESLAND Awards s\u00e3o um evento de grande expectativa e congrega\u00e7\u00e3o para a comunidade digital<\/strong>. \u00c9 um espa\u00e7o onde criadores, f\u00e3s e profissionais da ind\u00fastria se re\u00fanem para celebrar conquistas, compartilhar experi\u00eancias e fomentar colabora\u00e7\u00f5es. O evento n\u00e3o se tornou apenas uma vitrine para talentos emergentes, mas tamb\u00e9m um <strong>importante ponto de encontro da ind\u00fastria do entretenimento digital<\/strong>, destacando assim a sua import\u00e2ncia e relev\u00e2ncia no mundo contempor\u00e2neo.<\/p>\n\n\n\n<h2 class=\"wp-block-heading\">Hist\u00f3ria dos Pr\u00eamios ESLAND<\/h2>\n\n\n\n<p>A hist\u00f3ria dos ESLAND Awards \u00e9 t\u00e3o fascinante quanto o mundo do entretenimento digital ao qual presta homenagem. <strong>Nasceu da vis\u00e3o e do esfor\u00e7o de figuras proeminentes da comunidade de streaming, como TheGrefg<\/strong>, esses pr\u00eamios rapidamente se tornaram um evento anual ic\u00f4nico. Desde a sua primeira edi\u00e7\u00e3o, os Pr\u00e9mios ESLAND t\u00eam-se destacado pela capacidade de adapta\u00e7\u00e3o e adapta\u00e7\u00e3o.<strong>refletem as tend\u00eancias emergentes no mundo do conte\u00fado digital, premiando os criadores mais inovadores<\/strong> e carism\u00e1ticos da comunidade de l\u00edngua espanhola.<\/p>\n\n\n\n<p><strong>No in\u00edcio, os pr\u00eamios se concentravam principalmente em reconhecer os streamers e destaques mais populares do ano.<\/strong>. Com o tempo, as categorias expandiram-se para incluir uma maior variedade de conte\u00fados e formatos, refletindo a diversifica\u00e7\u00e3o do mundo do streaming e da cria\u00e7\u00e3o de conte\u00fados. <strong>Os ESLAND Awards n\u00e3o cresceram apenas em categorias, mas tamb\u00e9m em prest\u00edgio e reconhecimento<\/strong>, atraindo a aten\u00e7\u00e3o de um p\u00fablico global e consolidando-se como um importante ponto de encontro do setor.<\/p>\n\n\n\n<p>Cada edi\u00e7\u00e3o dos ESLAND Awards testemunhou momentos memor\u00e1veis e serviu de plataforma de lan\u00e7amento para novos talentos. Estes pr\u00e9mios n\u00e3o s\u00f3 celebram conquistas passadas, mas tamb\u00e9m antecipam e moldam o futuro do entretenimento digital. <strong>As expectativas para a nova edi\u00e7\u00e3o de 2024 s\u00e3o altas, prometendo uma cerim\u00f3nia que n\u00e3o s\u00f3 homenageia a hist\u00f3ria destes pr\u00e9mios, mas tamb\u00e9m marca um novo cap\u00edtulo na sua evolu\u00e7\u00e3o.<\/strong>.<\/p>\n\n\n\n<h2 class=\"wp-block-heading\">Edi\u00e7\u00e3o 2024: uma nova sede em Andorra<\/h2>\n\n\n\n<p><strong>A edi\u00e7\u00e3o 2024 dos ESLAND Awards representa um marco importante na hist\u00f3ria do evento, j\u00e1 que pela primeira vez ser\u00e1 realizado em Andorra<\/strong>. Esta escolha do local n\u00e3o \u00e9 apenas uma mudan\u00e7a geogr\u00e1fica, mas tamb\u00e9m um s\u00edmbolo do crescimento e expans\u00e3o internacional dos pr\u00e9mios. Andorra, conhecida pela sua beleza natural e ambiente acolhedor, proporciona um cen\u00e1rio \u00fanico e emocionante para o evento. Este pequeno pa\u00eds situado nos Piren\u00e9us \u00e9 famoso pela sua hospitalidade e pela sua vibrante cena cultural, o que o torna o <strong>lugar perfeito para receber a comunidade de criadores de conte\u00fado de l\u00edngua espanhola<\/strong>.<\/p>\n\n\n\n<p><strong>Por outro lado, faz sentido que este ano de 2024 a edi\u00e7\u00e3o seja em Andorra<\/strong>. A primeira edi\u00e7\u00e3o foi em Madrid (local representativo de Espanha), a segunda na Cidade do M\u00e9xico (local representativo da Am\u00e9rica Latina) e por \u00faltimo, nesta terceira edi\u00e7\u00e3o, em Andorra la Vella (Andorra). <strong>Cobrindo assim as tr\u00eas \u00e1reas da ESLAND<\/strong>. Esta decis\u00e3o de mudar o local para Andorra, onde reside TheGrefg, o criador dos pr\u00e9mios, promete trazer uma nova din\u00e2mica ao evento. Pode <a href=\"https:\/\/premiosesland.com\/archivo\" target=\"_blank\" rel=\"noopener\">leia mais sobre as edi\u00e7\u00f5es anteriores aqui<\/a>.<\/p>\n\n\n\n<p>A realiza\u00e7\u00e3o dos Pr\u00e9mios ESLAND em Andorra tamb\u00e9m sublinha a <strong>inten\u00e7\u00e3o de criar uma atmosfera de unidade e celebra\u00e7\u00e3o entre os criadores de conte\u00fado<\/strong>. A natureza tranquila e pitoresca de Andorra oferece um contraste refrescante com a agita\u00e7\u00e3o das grandes cidades, permitindo aos participantes desfrutar de um evento mais \u00edntimo e pessoal. Esta sede oferece um <strong>oportunidade \u00fanica para criadores e convidados se conectarem mais estreitamente, compartilharem experi\u00eancias e celebrarem as conquistas de suas comunidades em um cen\u00e1rio espetacular<\/strong>.<\/p>\n\n\n\n<p>Al\u00e9m disso, a escolha de Andorra como sede dos Pr\u00e9mios ESLAND 2024 reflecte uma tend\u00eancia crescente para <strong>internacionaliza\u00e7\u00e3o destes eventos no mundo digital<\/strong>. Esta medida promete n\u00e3o s\u00f3 aumentar o perfil dos Pr\u00e9mios ESLAND, mas tamb\u00e9m <strong>promover o turismo e a economia local em Andorra<\/strong>, demonstrando assim o impacto positivo que eventos deste calibre podem ter no local onde se realizam.<\/p>\n\n\n\n<h2 class=\"wp-block-heading\">Categorias e nomeados ESLAND 2024<\/h2>\n\n\n\n<p>O ESLAND Awards 2024 apresenta um <strong>variedade emocionante de categorias e indicados<\/strong>, refletindo a diversidade e o talento no mundo do streaming e da cria\u00e7\u00e3o de conte\u00fado. Essas categorias refletem n\u00e3o apenas a variedade de conte\u00fado que consumimos diariamente, mas tamb\u00e9m a criatividade e o esfor\u00e7o por tr\u00e1s de cada v\u00eddeo, stream ou postagem.<\/p>\n\n\n\n<p><strong>A lista de categorias e seus indicados foi divulgada no dia 7 de janeiro, \u00e0s 11h, hor\u00e1rio da Cidade do M\u00e9xico. O ESLAND 2024 Awards tem 14 categorias<\/strong> diversificado, onde tudo \u00e9 recompensado, desde o cl\u00e1ssico at\u00e9 o mais inovador e marcante do mundo do streaming. Cada categoria, definida por crit\u00e9rios espec\u00edficos, celebra diferentes aspectos e conquistas na comunidade digital.<\/p>\n\n\n\n<p>Abaixo deixamos uma lista com todas as categorias e seus respectivos indicados:<\/p>\n\n\n\n<ul class=\"wp-block-list\">\n<li><strong>Pr\u00eamio Esland de melhor streamer do ano:<\/strong> DjMariio, ElMariana, ElXokas, Ibai Llanos, IlloJuan, RiversGG, Rubius, Spreen, WestCol.<\/li>\n\n\n\n<li><strong>Melhor Streamer Iniciante:<\/strong> Davooxeneize, Adri Contreras, Poloteli, Rdjavi, Rene8808, Roier, Santicanob_1974, Spursito, Westcol, Xcry.<\/li>\n\n\n\n<li><strong>Streamer IRL do ano:<\/strong> Alanalarana, ArrozyDesgracias, Brunenger, Grenheir, JapanJordi, Kidi, LlunaClark, MarioTaxi, MarioTQ, Viviendoenlacalle.<\/li>\n\n\n\n<li><strong>Ilha para melhor miniss\u00e9rie de conte\u00fado:<\/strong> BackRooms, Bellum, 7 dias para acertar, El Cielo, El Hoyo em Minecraft, Escondendo-se na Fran\u00e7a, Garry&#039;s Deluxe, Hormigeo 2, Permadeaz 2, Squid Craft Games 2.<\/li>\n\n\n\n<li><strong>Indicados para melhor s\u00e9rie de conte\u00fado:<\/strong> Dedsafio ARK, O Deus de Tudo, \u00caxodo, Hardcore Experiment, Extreme Minecraft, F1 Online World 2, Pok\u00e9mon Twitch Cup 3, Projeto 176, Timeland, Warring Kingdoms 3.<\/li>\n\n\n\n<li><strong>Pr\u00eamio Esland 204 para evento do ano:<\/strong> 24 Horas no Obelisco, Coscu Army Awards 2023, Dogfight Wild Tournament, King of the Ring, Final Four Spotify Camp Nou, Fique de p\u00e9, Yourubers 4 Great Game, Stream Fighters 2, O \u00faltimo a levantar as m\u00e3os, The Evening do Ano 3.<\/li>\n\n\n\n<li><strong>Indicados para clipe do ano:<\/strong> Auronplay, Crystalmolly, Lacuevadepaink, Gemita, Guanyar, Illojuan e El Bokeron, PipePunk, Reptalive, Rubius, Xcry.<\/li>\n\n\n\n<li><strong>Pr\u00eamio Raiva do Ano:<\/strong> Agust\u00edn51, DJMaRiiO, Ibai y Messi, Nissaxter, ElXokas, Pipelink, Rickyedit, RiversGG, SezarBlue, Westcol.<\/li>\n\n\n\n<li><strong>Indicados para melhor jogador de eSports do ano:<\/strong> Elyoya, Flakked, Jelty, Josedeodo, Keznit, Koldo, Mazino, Mixwell, Reven, Tecolilla.<\/li>\n\n\n\n<li><strong>Melhor cobertura de not\u00edcias:<\/strong> Davooxeneize, ElYuste, FlavioAzzaro, Gerard Romero, ZonaFUT, Julio Astillero, KMO, LaCobraaa, Lasectadeportiva, Rubermartinezweb.<\/li>\n\n\n\n<li><strong>Candidatos a roleplayer do ano:<\/strong> AgentMaxo (Maximus), Desst3, Epidemic77, Eskimalito, Folagorlives, Kenalvsouza, Nexxusz, Rdjavi, Roier, Tomateking.<\/li>\n<\/ul>\n\n\n\n<p>Estas categorias e nomeados n\u00e3o s\u00f3 destacam a excel\u00eancia na cria\u00e7\u00e3o de conte\u00fados, mas tamb\u00e9m sublinham a evolu\u00e7\u00e3o e a diversidade do mundo digital. Cresce a expectativa para ver quem ser\u00e3o os vencedores desta gala muito especial em Andorra. Al\u00e9m do mais, <a href=\"https:\/\/premiosesland.com\/finalistas\" target=\"_blank\" rel=\"noopener\">Voc\u00ea pode ver os finalistas em cada categoria aqui<\/a>. E <a href=\"https:\/\/www.marca.com\/videojuegos\/streamers\/2024\/01\/15\/65a5912c268e3e56038b45b7.html\" target=\"_blank\" rel=\"noopener\">aqui em forma de lista<\/a>.<\/p>\n\n\n\n<h2 class=\"wp-block-heading\"><strong>Datas e Programa do Evento<\/strong>: mudan\u00e7as de \u00faltima hora e pol\u00eamica<\/h2>\n\n\n\n<p>A gala do ESLAND 2024 Awards, que reconhece os melhores streamers e criadores de conte\u00fado do ano de 2023, <strong>Estava programado para acontecer em dois dias diferentes: 16 e 17 de fevereiro de 2024.<\/strong>. O motivo, segundo o pr\u00f3prio TheGrefg, foi aproveitar o evento e o encontro de criadores e conte\u00fados ao longo do ano para algo mais do que uma simples gala de premia\u00e7\u00e3o, sendo um evento mais amplo.<\/p>\n\n\n\n<p>Por\u00e9m, <strong>Houve uma mudan\u00e7a de planos de \u00faltima hora e o evento s\u00f3 ser\u00e1 realizado no dia 16 de fevereiro.<\/strong>. A raz\u00e3o \u00e9 que <a href=\"https:\/\/www.laliga.com\/es-GB\" target=\"_blank\" rel=\"noopener\">A Liga<\/a> marcou uma partida <a href=\"https:\/\/www.fcandorra.com\/es\" target=\"_blank\" rel=\"noopener\">FC Andorra<\/a>, o clube de futebol de Andorra, apenas no dia 17. E como o evento seria realizado no centro desportivo do Governo, mesmo espa\u00e7o utilizado para os jogos. E, por conseguinte, <a href=\"https:\/\/www.fcandorra.com\/es\" target=\"_blank\" rel=\"noopener\">Os planos de TheGregf foram truncados, por isso ele se irritou e criticou o clube e sua gest\u00e3o<\/a> (mesmo que estes jogos sejam marcados pela LaLiga e n\u00e3o possam fazer nada).<\/p>\n\n\n\n<p>A ideia do Grefg para celebrar a gala ESLAND foi dividir o evento em dois dias:<\/p>\n\n\n\n<ul class=\"wp-block-list\">\n<li><strong>No dia 16 de fevereiro, haveria uma onda de conte\u00fado surpresa<\/strong> para preparar a gala. Os participantes iriam desfrutar de um <em>tapete branco<\/em>, um evento pr\u00e9-gala cheio de surpresas e, claro, neve, que homenageia o ambiente invernal de Andorra.<\/li>\n\n\n\n<li><strong>O dia principal, 17 de fevereiro, foi a pr\u00f3pria cerim\u00f4nia de premia\u00e7\u00e3o.<\/strong>, agora no Centro Desportivo Govern d&#039;Andorra.<\/li>\n<\/ul>\n\n\n\n<p>Mas isso n\u00e3o ser\u00e1 poss\u00edvel e <strong>TheGrefg ter\u00e1 que concentrar toda a gala na sexta-feira, 16 de fevereiro<\/strong>. Porque no s\u00e1bado, dia 17, a partir das 16h15, est\u00e1 marcada a 27\u00aa jornada da Liga Hipermo\u00e7\u00e3o. Entende-se que dois eventos em que se espera um p\u00fablico significativo em um espa\u00e7o t\u00e3o pr\u00f3ximo n\u00e3o seriam compat\u00edveis, especialmente por quest\u00f5es de seguran\u00e7a. <strong>Isto criou um <a href=\"https:\/\/www.perfil.com\/noticias\/gaming\/premios-esland-del-record-a-la-polemica.phtml\" target=\"_blank\" rel=\"noopener\">controv\u00e9rsia bastante importante<\/a><\/strong>, ja que ele <a href=\"https:\/\/andorrainsiders.com\/pt\/influenciador-de-streamer-do-youtuber\/\" data-type=\"post\" data-id=\"1719\">youtuber<\/a> Eu tinha tudo pronto para os dois dias. Pol\u00eamica que se soma \u00e0 \u00faltima que recentemente caiu sobre ele devido \u00e0 compra e reforma do pr\u00e9dio anos atr\u00e1s.<\/p>\n\n\n\n<p>Em qualquer caso, a gala ESLAND n\u00e3o s\u00f3 contar\u00e1 com a entrega de pr\u00e9mios aos criadores de conte\u00fados mais destacados, mas tamb\u00e9m <strong>Espera-se que inclua apresenta\u00e7\u00f5es musicais e a presen\u00e7a de in\u00fameras estrelas do Twitch e de outras plataformas<\/strong>. Al\u00e9m disso, desta forma os visitantes que viajam da Am\u00e9rica Latina poder\u00e3o desfrutar e aproveitar a sua estadia em Andorra, que j\u00e1 tem acesso limitado.<\/p>\n\n\n\n<p>Por outro lado, e ligando ao acima,<strong> Este ano os ingressos ser\u00e3o muito caros, segundo o pr\u00f3prio TheGrefg<\/strong>. E \u00e9 porque ser\u00e3o poucas as entradas presenciais, dadas n\u00e3o s\u00f3 as limita\u00e7\u00f5es de acesso ao pa\u00eds, mas tamb\u00e9m as restri\u00e7\u00f5es de lota\u00e7\u00e3o dos locais. Afinal, Andorra n\u00e3o \u00e9 Madrid nem a Cidade do M\u00e9xico e n\u00e3o pode acolher tantas pessoas.<\/p>\n\n\n\n<p>Isto representa o desafio de alguns <strong>entradas mais exclusivas, o que tamb\u00e9m poderia lhe conferir um car\u00e1ter mais intimista e especial<\/strong>, como aconteceu com o<a href=\"https:\/\/andorrainsiders.com\/pt\/andorra-forum-economico\/\" data-type=\"post\" data-id=\"7852\"> F\u00f3rum Econ\u00f3mico de Andorra<\/a>, um evento sobre o qual j\u00e1 falamos anteriormente. TheGrefg arrisca realizar o sonho de \u201cfechar o tridente\u201d ESLAND, mas arrisca ter um p\u00fablico pequeno nesta edi\u00e7\u00e3o de 2024. Ser\u00e1 uma gala com pouco p\u00fablico real, e sim streamers, celebridades e criadores de conte\u00fados. Portanto, <strong>Ser\u00e1 tamb\u00e9m uma gala muito mais virtual para o p\u00fablico em geral<\/strong>. Por isso o objetivo \u00e9 fazer um dia de surpresas e conte\u00fados.<\/p>\n\n\n\n<h3 class=\"wp-block-heading\">Onde e quando ver a gala<\/h3>\n\n\n\n<p><strong>O ESLAND 2024 Awards pode ser assistido ao vivo em v\u00e1rias plataformas de streaming<\/strong>, oferecendo assim aos f\u00e3s de todo o mundo a oportunidade de fazer parte deste emocionante evento. <strong>A transmiss\u00e3o principal ser\u00e1 atrav\u00e9s do canal Twitch de TheGrefg<\/strong>, que al\u00e9m de organizar a gala, ser\u00e1 o seu apresentador.<\/p>\n\n\n\n<p>Embora ainda n\u00e3o haja hora confirmada, com a cerim\u00f3nia a decorrer em Andorra nos dias 16 e 17 de fevereiro, <strong>Espera-se que os hor\u00e1rios de transmiss\u00e3o adaptados cubram diferentes fusos hor\u00e1rios<\/strong>, permitindo assim que um p\u00fablico global participe da celebra\u00e7\u00e3o. Esta acessibilidade online garante que ningu\u00e9m perca os destaques, as atua\u00e7\u00f5es e, claro, o an\u00fancio dos vencedores. <strong>O local exato onde ser\u00e1 realizado em Andorra ainda n\u00e3o foi confirmado.<\/strong>.<\/p>\n\n\n\n<h2 class=\"wp-block-heading\">Como votar nos pr\u00e9mios ESLAND 2024?<\/h2>\n\n\n\n<p><a href=\"https:\/\/los40.com\/2023\/12\/27\/todo-lo-que-debes-saber-sobre-los-premios-esland-2024-horario-donde-ver-como-votar-a-los-nominados\/\" target=\"_blank\" rel=\"noopener\">Devido a controv\u00e9rsias anteriores, os Pr\u00e9mios ESLAND 2024 apresentam um sistema de vota\u00e7\u00e3o renovado<\/a>, concebido para equilibrar a participa\u00e7\u00e3o da comunidade e a opini\u00e3o de especialistas. Este ano, as vota\u00e7\u00f5es est\u00e3o divididas em duas categorias: Popular e Profissional.<\/p>\n\n\n\n<ul class=\"wp-block-list\">\n<li><strong>Categorias populares:<\/strong> Os f\u00e3s desempenham um papel crucial na sele\u00e7\u00e3o de candidatos para as categorias \u2018Clip do Ano\u2019 e \u2018Raiva do Ano\u2019. Os usu\u00e1rios podem propor candidatos atrav\u00e9s de redes sociais como <a href=\"https:\/\/twitter.com\" target=\"_blank\" rel=\"noopener\">X (antigo Twitter)<\/a> e ele <a href=\"https:\/\/www.reddit.com\/r\/premiosESLAND\/\" target=\"_blank\" rel=\"noopener\">Reddit oficial da premia\u00e7\u00e3o<\/a>, usando as hashtags <a href=\"https:\/\/twitter.com\/search?q=eslandCLIP\" target=\"_blank\" rel=\"noopener\">#EslandCLIP<\/a> e <a href=\"https:\/\/twitter.com\/search?q=%23EslandENFADO&amp;src=typed_query&amp;f=top\" target=\"_blank\" rel=\"noopener\">#EslandANGER<\/a>. Das propostas recebidas, ser\u00e3o selecionados dez indicados, equilibrando os mais virais no X e Reddit com escolhas editoriais.<\/li>\n\n\n\n<li><strong>Categorias Profissionais:<\/strong> Nessas categorias, os indicados s\u00e3o determinados por meio de an\u00e1lise estat\u00edstica baseada nas horas assistidas e na m\u00e9dia de telespectadores. Os dez primeiros colocados de cada categoria avan\u00e7am para a vota\u00e7\u00e3o.<\/li>\n<\/ul>\n\n\n\n<p><strong>Processo de vota\u00e7\u00e3o:<\/strong> A etapa final \u00e9 a vota\u00e7\u00e3o por classifica\u00e7\u00e3o, onde tanto o p\u00fablico quanto os profissionais podem votar em seus favoritos na ordem. Neste sistema, o voto do p\u00fablico tem um peso de 25 %, enquanto o voto profissional representa 75 %. Os eleitores profissionais incluem criadores verificados no Twitch e outras personalidades not\u00e1veis em diferentes plataformas.<\/p>\n\n\n\n<p>Este sistema procura um equil\u00edbrio justo entre a influ\u00eancia da comunidade e a avalia\u00e7\u00e3o de especialistas, garantindo um processo de vota\u00e7\u00e3o mais transparente e representativo. <a href=\"https:\/\/esports.as.com\/bonus\/influencers\/votar-Premios-ESLAND_0_1748825106.html\" target=\"_blank\" rel=\"noopener\">Para votar \u00e9 necess\u00e1rio acessar o site oficial<\/a> dos pr\u00eamios ESLAND.<\/p>\n\n\n\n<h2 class=\"wp-block-heading\">Conclus\u00e3o<\/h2>\n\n\n\n<p><strong>Pr\u00e9mios ESLAND 2024 em Andorra<\/strong> N\u00e3o s\u00e3o apenas um evento para reconhecer talentos e criatividade no mundo do streaming e da cria\u00e7\u00e3o de conte\u00fado; <strong>representam uma celebra\u00e7\u00e3o da comunidade digital como um todo<\/strong>. Com um local espetacular, uma programa\u00e7\u00e3o ampliada e op\u00e7\u00f5es de streaming acess\u00edveis a um p\u00fablico global, esses pr\u00eamios pretendem ser um marco na hist\u00f3ria do entretenimento digital. Al\u00e9m disso, muitos dos maiores criadores de conte\u00fado s\u00e3o <a href=\"https:\/\/andorrainsiders.com\/pt\/residencia-imigracao-vida\/\" data-type=\"page\" data-id=\"2621\">Residentes andorranos<\/a> no pa\u00eds e ter um <a href=\"https:\/\/andorrainsiders.com\/pt\/empresa-open-mount-andorra\/\" data-type=\"page\" data-id=\"2445\">empresa em andorra<\/a>.<\/p>\n\n\n\n<p><strong>A expectativa \u00e9 alta<\/strong>, e o mundo digital espera ansiosamente para ver como estes pr\u00e9mios ser\u00e3o implementados, como as conquistas ser\u00e3o reconhecidas e que novos talentos ser\u00e3o descobertos. Pr\u00eamio ESLAND 2024 <strong>Foi uma experi\u00eancia exclusiva e inesquec\u00edvel.<\/strong> Aos participantes e aos milh\u00f5es de espectadores que acompanharam a gala por transmiss\u00e3o online em 16 de fevereiro de 2024, a partir de Andorra.<\/p>","protected":false},"excerpt":{"rendered":"<p>O ESLAND Awards se consolidou como um evento anual essencial no mundo do entretenimento digital de l\u00edngua espanhola, reunindo os criadores de conte\u00fado, streamers e personalidades da internet mais proeminentes. Em sua terceira edi\u00e7\u00e3o, realizada em 16 de fevereiro de 2024, a premia\u00e7\u00e3o aconteceu no belo pa\u00eds de Andorra. Embora\u2026 <a title=\"Pr\u00eamios ESLAND em Andorra 2024: veja como foi a gala.\" class=\"read-more\" href=\"https:\/\/andorrainsiders.com\/pt\/premios-ilha-andorra-2024\/\" aria-label=\"Leia mais sobre Premios ESLAND en Andorra 2024: as\u00ed fue la gala\">consulte Mais informa\u00e7\u00e3o<\/a><\/p>","protected":false},"author":1,"featured_media":8086,"comment_status":"open","ping_status":"closed","sticky":false,"template":"","format":"standard","meta":{"footnotes":""},"categories":[47],"tags":[594,22,590,595,597,589,596,600,599,591,592,593,598],"class_list":["post-8060","post","type-post","status-publish","format-standard","has-post-thumbnail","hentry","category-informacion-y-noticias","tag-594","tag-andorra","tag-awards","tag-categorias","tag-creadores-de-contenido","tag-esland","tag-gala","tag-mejor-streamer-del-ano","tag-nominados","tag-premios-esland","tag-streamers","tag-streaming","tag-thegrefg"],"_links":{"self":[{"href":"https:\/\/andorrainsiders.com\/pt\/wp-json\/wp\/v2\/posts\/8060","targetHints":{"allow":["GET"]}}],"collection":[{"href":"https:\/\/andorrainsiders.com\/pt\/wp-json\/wp\/v2\/posts"}],"about":[{"href":"https:\/\/andorrainsiders.com\/pt\/wp-json\/wp\/v2\/types\/post"}],"author":[{"embeddable":true,"href":"https:\/\/andorrainsiders.com\/pt\/wp-json\/wp\/v2\/users\/1"}],"replies":[{"embeddable":true,"href":"https:\/\/andorrainsiders.com\/pt\/wp-json\/wp\/v2\/comments?post=8060"}],"version-history":[{"count":32,"href":"https:\/\/andorrainsiders.com\/pt\/wp-json\/wp\/v2\/posts\/8060\/revisions"}],"predecessor-version":[{"id":9184,"href":"https:\/\/andorrainsiders.com\/pt\/wp-json\/wp\/v2\/posts\/8060\/revisions\/9184"}],"wp:featuredmedia":[{"embeddable":true,"href":"https:\/\/andorrainsiders.com\/pt\/wp-json\/wp\/v2\/media\/8086"}],"wp:attachment":[{"href":"https:\/\/andorrainsiders.com\/pt\/wp-json\/wp\/v2\/media?parent=8060"}],"wp:term":[{"taxonomy":"category","embeddable":true,"href":"https:\/\/andorrainsiders.com\/pt\/wp-json\/wp\/v2\/categories?post=8060"},{"taxonomy":"post_tag","embeddable":true,"href":"https:\/\/andorrainsiders.com\/pt\/wp-json\/wp\/v2\/tags?post=8060"}],"curies":[{"name":"wp","href":"https:\/\/api.w.org\/{rel}","templated":true}]}}