{"id":6513,"date":"2022-09-28T21:39:21","date_gmt":"2022-09-28T19:39:21","guid":{"rendered":"https:\/\/andorrainsiders.com\/?p=6513"},"modified":"2026-04-24T20:12:05","modified_gmt":"2026-04-24T18:12:05","slug":"tasa-turistica-andorra","status":"publish","type":"post","link":"https:\/\/andorrainsiders.com\/pt\/taxa-turismo-alojamento-taxa\/","title":{"rendered":"Taxa tur\u00edstica em Andorra: quanto se paga por noite?"},"content":{"rendered":"<p><strong>Andorra implementou uma taxa tur\u00edstica em julho de 2022 que afeta todos os tipos de alojamento tur\u00edstico.<\/strong>. O valor deste imposto varia de \u20ac 1 por noite para hot\u00e9is de uma estrela a \u20ac 3 por noite para hot\u00e9is de 5 estrelas. O imposto tur\u00edstico <strong>\u00c9 uma taxa que incide sobre as noites de alojamento<\/strong> que um turista faz numa determinada regi\u00e3o ou jurisdi\u00e7\u00e3o e \u00e9 aplicado em muitos locais da Europa: desde comunidades aut\u00f3nomas como <a href=\"https:\/\/atc.gencat.cat\/es\/tributs\/ieet\/quota-tributaria\/\" target=\"_blank\" rel=\"noopener\">Catalunha<\/a> e <a href=\"https:\/\/www.google.com\/url?sa=t&amp;rct=j&amp;q=&amp;esrc=s&amp;source=web&amp;cd=&amp;ved=2ahUKEwiBsYng-cT8AhVEQvEDHap7Dr4QFnoECAsQAQ&amp;url=https%3A%2F%2Fwww.hacienda.gob.es%2FDocumentacion%2FPublico%2FPortalVarios%2FFinanciacionTerritorial%2FAutonomica%2FTributosPropios%2FNormativa%2F2022%2FImpuesto-sobre-estancias-turIsticas-BALEARES-2022.pdf&amp;usg=AOvVaw2OS6z5lRK2Eu6U88Pb3O_6\" target=\"_blank\" rel=\"noopener\">Baleares<\/a> para grandes cidades como <a href=\"https:\/\/es.parisinfo.com\/paris-practico\/dinero\/tasa-de-estadia\" target=\"_blank\" rel=\"noopener\">Paris<\/a>, Bruxelas, <a href=\"https:\/\/www.visitberlin.de\/es\/impuesto-municipal-city-tax-de-berlin\" target=\"_blank\" rel=\"noopener\">Berlim<\/a>, <a href=\"https:\/\/ideasparaviajar.com\/tasa-turistica-de-roma\" target=\"_blank\" rel=\"noopener\">Roma<\/a> ou Viena. <a href=\"https:\/\/www.intermundial.es\/blog\/la-tasa-turistica-a-traves-de-5-preguntas\/\" target=\"_blank\" rel=\"noopener\">Aqui voc\u00ea pode ver mais informa\u00e7\u00f5es sobre esta taxa na Europa<\/a> e tamb\u00e9m <a href=\"https:\/\/www.20minutos.es\/viajes\/destinos\/mapa-tasa-turistica-europea-4864078\/\" target=\"_blank\" rel=\"noopener\">neste artigo de 20 minutos<\/a>.<\/p>\n\n\n\n<p>Por cerca de um ano, a cria\u00e7\u00e3o de um <strong>novo imposto sobre alojamento tur\u00edstico<\/strong>. Especificamente atrav\u00e9s da chamada \u201cLei que regulamenta o imposto sobre a estadia em alojamento tur\u00edstico\u201d. Uma lei cuja iniciativa j\u00e1 se refletia na <a href=\"https:\/\/andorrainsiders.com\/pt\/crise-covid-19-plano-horizonte-23\/\" data-type=\"post\" data-id=\"4058\">Plano Horizonte 23<\/a> e as linhas program\u00e1ticas do Governo de Andorra. J\u00e1 em novembro de 2021, o Conselho de Ministros aprovou o projeto de lei.<\/p>\n\n\n\n<p><a href=\"https:\/\/www.govern.ad\/turisme\/item\/13595-el-govern-aprova-el-projecte-de-llei-que-regula-la-taxa-turistica\" target=\"_blank\" rel=\"noopener\">De acordo com o governo<\/a>, <strong>a aplica\u00e7\u00e3o desta taxa tur\u00edstica \u00e9 finalista<\/strong>. Por outras palavras, a receita arrecadada com o imposto sobre as estadias em alojamento tur\u00edstico \u00e9 utilizada para fornecer a <strong>Fundo para a promo\u00e7\u00e3o do turismo<\/strong>, um fundo do Minist\u00e9rio do Turismo para a promo\u00e7\u00e3o do turismo <a href=\"https:\/\/andorrainsiders.com\/pt\/impulsos-andorra-insiders-ambiente\/\">sustent\u00e1vel<\/a>, respons\u00e1vel e qualidade do Principado de Andorra. Tamb\u00e9m \u00e0 protec\u00e7\u00e3o, preserva\u00e7\u00e3o, recupera\u00e7\u00e3o e valoriza\u00e7\u00e3o dos recursos tur\u00edsticos, valoriza\u00e7\u00e3o dos produtos e servi\u00e7os tur\u00edsticos e desenvolvimento das infra-estruturas e servi\u00e7os a eles relacionados.<\/p>\n\n\n\n<p>Finalmente <strong>em 22 de junho de 2022 <a href=\"https:\/\/www.bopa.ad\/bopa\/034076\/Pagines\/CGL20220622_10_03_29.aspx\" target=\"_blank\" rel=\"noopener\">foi publicado no BOPA<\/a> a <a href=\"https:\/\/www.consellgeneral.ad\/ca\/activitat-parlamentaria\/lleis-aprovades\/llei-19-2022-del-9-de-juny-reguladora-de-l2019impost-sobre-les-estades-en-allotjaments-turistics-de-modificacio-de-la-llei-16-2017-del-13-de-juliol-general-de-l2019allotjament-turistic-i-de-modificacio-de-la-llei-13-2007-del-20-de-setembre-de-creacio-de\" target=\"_blank\" rel=\"noopener\">Lei 19\/2022<\/a><\/strong>, chamado <em>Impostos sobre os Estados em estabelecimentos tur\u00edsticos e investimentos estrangeiros<\/em> (IEI). Vale ressaltar que o <strong>Lei 5\/2025<\/strong> ampliou o escopo desse mesmo imposto para incluir tamb\u00e9m o <strong>investimentos imobili\u00e1rios estrangeiros<\/strong> (tipo 6% para im\u00f3veis principais e 10% para im\u00f3veis secund\u00e1rios), embora com natureza completamente diferente do imposto sobre alojamento. A lei, com as suas altera\u00e7\u00f5es, consta da Lei Geral sobre Alojamento Tur\u00edstico e da lei que cria a empresa p\u00fablica ANDORRA TURISME (Regulamento LIEAT), bem como do Formul\u00e1rio de Declara\u00e7\u00e3o do Censo a ser assinado pelos obrigados a pagar o imposto. <a href=\"https:\/\/www.bopa.ad\/bopa\/034076\/Pagines\/CGL20220622_10_03_29.aspx\" target=\"_blank\" rel=\"noopener\">mais informa\u00e7\u00f5es aqui<\/a>. Entre outras quest\u00f5es, <strong>\u00c9 introduzida esta nova taxa tur\u00edstica que visa o registo de estadias em diferentes estabelecimentos de alojamento tur\u00edstico<\/strong> do Principado<\/p>\n\n\n\n<p><strong>O fato gerador do imposto s\u00e3o as estadias, por dias ou fra\u00e7\u00f5es<\/strong>, realizado pelos contribuintes em qualquer dos alojamentos tur\u00edsticos previstos no <a href=\"https:\/\/www.consellgeneral.ad\/fitxers\/documents\/lleis-2017\/llei-16-2017-general-de-l2019allotjament-turistic\/view\" target=\"_blank\" rel=\"noopener\">Lei geral do alojamento tur\u00edstico<\/a>, exceto \u00e1reas de recep\u00e7\u00e3o de autocaravanas <strong>(com ou sem pernoite)<\/strong>. Os sujeitos passivos deste imposto s\u00e3o todas as pessoas singulares que efectuem uma estadia em alojamento tur\u00edstico.<\/p>\n\n\n\n<h2 class=\"wp-block-heading\">Taxa tur\u00edstica de acordo com o alojamento<\/h2>\n\n\n\n<p><strong>O valor da tarifa ser\u00e1 aplicado por cada estadia, dia ou fra\u00e7\u00e3o e por pessoa<\/strong>, dependendo do tipo de alojamento e da sua &quot;qualidade&quot; (o n\u00famero de estrelas). Especificamente, aplicam-se as seguintes taxas:<\/p>\n\n\n\n<figure class=\"wp-block-table\"><table><tbody><tr><td><strong>Tipo de acomoda\u00e7\u00e3o considerado<\/strong><\/td><td><strong>Taxa tur\u00edstica a pagar<\/strong><\/td><\/tr><tr><td>Alojamento tur\u00edstico de 5 estrelas \u2b50\u2b50\u2b50\u2b50\u2b50<\/td><td>3\u20ac por noite e pessoa<\/td><\/tr><tr><td>Alojamento tur\u00edstico de 4 estrelas \u2b50\u2b50\u2b50\u2b50<\/td><td>2\u20ac por noite e pessoa<\/td><\/tr><tr><td>Alojamento tur\u00edstico de 2 e 3 estrelas \u2b50\u2b50 (\u2b50)<\/td><td>1,5\u20ac por noite e por pessoa<\/td><\/tr><tr><td>Resto do alojamento (campings, pens\u00f5es\u2026)<\/td><td>1\u20ac por noite e pessoa<\/td><\/tr><\/tbody><\/table><figcaption>Impostos sobre o alojamento tur\u00edstico em Andorra<\/figcaption><\/figure>\n\n\n\n<p><strong>Nas <a href=\"https:\/\/andorrainsiders.com\/pt\/vivienda-andorra-comprar-alquilar-inmueble\/\" data-type=\"post\" data-id=\"4371\">fam\u00edlias<\/a> utiliza\u00e7\u00e3o tur\u00edstica aplica-se tamb\u00e9m a taxa de 2\u20ac por pessoa<\/strong>. Al\u00e9m disso, existem <strong>isento<\/strong> aplica\u00e7\u00e3o desta taxa tur\u00edstica:<\/p>\n\n\n\n<ul class=\"wp-block-list\"><li>As estadias de <a href=\"https:\/\/andorrainsiders.com\/pt\/residencia-imigracao-vida\/\" data-type=\"page\" data-id=\"2621\">Residentes andorranos<\/a><\/li><li>Estadias de menores de 16 anos<\/li><li>Estadias superiores a 7 dias, a partir do oitavo dia (por exemplo, se uma pessoa ficar 9 dias num alojamento tur\u00edstico, pagar\u00e1 apenas 7 dias de taxa tur\u00edstica).<\/li><li>As estadias organizadas por decis\u00e3o dos servi\u00e7os sociais do Governo<\/li><li>As estadias realizadas por motivo de for\u00e7a maior, bem como as realizadas em alojamentos classificados como casas de f\u00e9rias e pousadas, quando organizadas ou promovidas, total ou parcialmente, por entidades p\u00fablicas andorranas.<\/li><\/ul>\n\n\n\n<p><strong>A mudan\u00e7a de alojamento por parte do turista implica recome\u00e7ar a conta<\/strong> pois o m\u00e1ximo de 7 dias \u00e9 aplicado a cada hospedagem individualmente. Assim, se uma pessoa passar duas semanas no mesmo apartamento tur\u00edstico, pagar\u00e1 a tarifa correspondente multiplicada por 7 (sendo aplicado o m\u00e1ximo). Mas se voc\u00ea usa v\u00e1rios estabelecimentos, por exemplo uma semana <a href=\"https:\/\/andorrainsiders.com\/pt\/guia-hoteis-alojamento-viagens-andorra\/\" data-type=\"post\" data-id=\"2828\">em um hotel e outro em um albergue<\/a> diferente, voc\u00ea ter\u00e1 que pagar a taxa de turismo todos os dias.<\/p>\n\n\n\n<h2 class=\"wp-block-heading\">Os respons\u00e1veis pela taxa tur\u00edstica s\u00e3o os propriet\u00e1rios<\/h2>\n\n\n\n<p><strong>Os titulares de licen\u00e7as tur\u00edsticas, em geral, atuar\u00e3o como respons\u00e1veis pelo pagamento deste imposto<\/strong>, exceto que atuam por meio de intermedi\u00e1rios (EGHUT). Neste caso, s\u00e3o estes que agem como respons\u00e1veis. Eles ser\u00e3o os obrigados a liquid\u00e1-lo trimestralmente perante o Minist\u00e9rio das Finan\u00e7as. A taxa de imposto \u00e9 o resultado da multiplica\u00e7\u00e3o do n\u00famero de dias de estadia ou fra\u00e7\u00e3o (m\u00e1ximo de 7) pela taxa de imposto aplic\u00e1vel.<\/p>\n\n\n<div class=\"wp-block-image\">\n<figure class=\"aligncenter size-full is-resized\"><img fetchpriority=\"high\" decoding=\"async\" src=\"https:\/\/andorrainsiders.com\/wp-content\/uploads\/2023\/01\/La-tasa-turi\u0301stica-deben-pagarla-los-propietarios-de-los-alojamientos-1.jpg\" alt=\"A taxa tur\u00edstica deve ser paga pelos propriet\u00e1rios dos alojamentos\" class=\"wp-image-7065\" width=\"666\" height=\"450\" srcset=\"https:\/\/andorrainsiders.com\/wp-content\/uploads\/2023\/01\/La-tasa-turi\u0301stica-deben-pagarla-los-propietarios-de-los-alojamientos-1.jpg 888w, https:\/\/andorrainsiders.com\/wp-content\/uploads\/2023\/01\/La-tasa-turi\u0301stica-deben-pagarla-los-propietarios-de-los-alojamientos-1-300x203.jpg 300w, https:\/\/andorrainsiders.com\/wp-content\/uploads\/2023\/01\/La-tasa-turi\u0301stica-deben-pagarla-los-propietarios-de-los-alojamientos-1-768x519.jpg 768w, https:\/\/andorrainsiders.com\/wp-content\/uploads\/2023\/01\/La-tasa-turi\u0301stica-deben-pagarla-los-propietarios-de-los-alojamientos-1-18x12.jpg 18w\" sizes=\"(max-width: 666px) 100vw, 666px\" \/><\/figure>\n<\/div>\n\n\n<p>O Imposto \u00e9 devido a qualquer momento desde o in\u00edcio da estadia, a menos que tenha sido previamente pago. <strong>O pagamento do imposto ser\u00e1 trimestral.<\/strong> (abril, julho, outubro e janeiro), com base nos dados que cada um dos estabelecimentos disponibiliza atrav\u00e9s do ROA (Cadastro de Ocupa\u00e7\u00e3o). Ser\u00e1 elaborado um rascunho que, em qualquer caso, dever\u00e1 ser aprovado ou modificado.<\/p>\n\n\n\n<h3 class=\"wp-block-heading\">A lei foi negociada<\/h3>\n\n\n\n<p>Antes da aprova\u00e7\u00e3o da lei, <strong>o texto normativo foi compartilhado com as empresas do setor<\/strong>, que fizeram suas contribui\u00e7\u00f5es e foram inclu\u00eddos no projeto de lei. Estes, juntamente com as modifica\u00e7\u00f5es aprovadas pelo Governo, formaram a Lei aprovada ap\u00f3s tramita\u00e7\u00e3o parlamentar. Iniciou-se tamb\u00e9m o trabalho t\u00e9cnico de configura\u00e7\u00e3o e parametriza\u00e7\u00e3o do portal fiscal para incluir a gest\u00e3o do novo imposto de forma integrada nos sistemas de informa\u00e7\u00e3o do Governo, bem como para actualizar e configurar o Cadastro de ocupa\u00e7\u00e3o de alojamento tur\u00edstico.<\/p>\n\n\n\n<p>No entanto, o diretor do Sindicato Hoteleiro de Andorra, Jordi Pujol, criticou a forma como <strong>ponto mais controverso o momento da entrada em vigor da taxa<\/strong>, pois j\u00e1 tinham contratos assinados at\u00e9 o in\u00edcio de novembro e boa parte dos operadores tur\u00edsticos com quem trabalham n\u00e3o est\u00e3o dispostos a repassar a diferen\u00e7a de pre\u00e7o aos seus clientes para n\u00e3o perder competitividade. \u201cSab\u00edamos que mais cedo ou mais tarde chegaria e est\u00e1vamos preparados\u201d, diz Pujol, mas o setor pediu para adiar a entrada em vigor para ter \u201cum ver\u00e3o normal\u201d.<\/p>\n\n\n\n<h2 class=\"wp-block-heading\">Modifica\u00e7\u00f5es de outras leis<\/h2>\n\n\n\n<p>Na mesma sess\u00e3o foi aprovada a altera\u00e7\u00e3o da Lei Geral do Alojamento Tur\u00edstico e a altera\u00e7\u00e3o da Lei P\u00fablica de Andorra Turisme SA. Entre outros, apresenta o <strong>cria\u00e7\u00e3o de um novo grupo dentro da modalidade de camping<\/strong>, para regular os alojamentos cujas caracter\u00edsticas n\u00e3o estavam previstas na regulamenta\u00e7\u00e3o em vigor. Ficam igualmente revogados os artigos que regulamentavam as cabanas de montanha e os alojamentos at\u00edpicos, uma vez que est\u00e3o inclu\u00eddos no novo grupo denominado &quot;Glamping&quot;.<\/p>\n\n\n\n<p>Tamb\u00e9m modifica o <strong>perman\u00eancia m\u00e1xima nas \u00e1reas de recep\u00e7\u00e3o do motorhome que vai de 48 a 24 horas<\/strong> e est\u00e1 prevista a cria\u00e7\u00e3o de servi\u00e7o de portaria nas resid\u00eancias de uso tur\u00edstico. Por outro lado <strong>altera o Conselho de Administra\u00e7\u00e3o da Andorra Turisme SA<\/strong>. A presid\u00eancia ser\u00e1 exercida pelo Ministro do Turismo, o cargo de Vice-Presidente pelo Ministro das Finan\u00e7as, haver\u00e1 ainda um secret\u00e1rio nomeado pelo Ministro do Turismo e tr\u00eas conselheiros nomeados pelo Governo.<\/p>\n\n\n\n<h2 class=\"wp-block-heading\">Um motivo alegadamente bem fundamentado<\/h2>\n\n\n\n<p>Assim pois, <strong>Andorra segue o caminho de outras cidades europeias<\/strong> como Roma, Paris, Amesterd\u00e3o, Bruxelas, Viena, Lisboa, Berlim, Malta, Praga ou Budapeste neste sentido, acrescentando esta nova tarifa \u00e0s j\u00e1 em vigor <a href=\"https:\/\/andorrainsiders.com\/pt\/impuestos-tasas-tributos\/\" data-type=\"page\" data-id=\"2127\">impostos em Andorra<\/a>. Portanto, quando voc\u00ea vai ficar em <a href=\"https:\/\/andorrainsiders.com\/pt\/guia-hoteis-alojamento-viagens-andorra\/\" data-type=\"post\" data-id=\"2828\">algum hotel<\/a> por exemplo, voc\u00ea ter\u00e1 o custo extra na fatura por cada noite de hospedagem. Ent\u00e3o toda vez <a href=\"https:\/\/andorrainsiders.com\/pt\/dicas-turismo-viagens-andorra-insiders\/\" data-type=\"post\" data-id=\"920\">viagens a andorra<\/a>, bom para relaxar <a href=\"https:\/\/www.caldea.com\/\" target=\"_blank\" rel=\"noopener\">Cald\u00e9ia<\/a>, esquiar <a href=\"https:\/\/www.grandvalira.com\/\" target=\"_blank\" rel=\"noopener\">Grandvalira<\/a> ou em <a href=\"https:\/\/vallnordpalarinsal.com\/es\/\" target=\"_blank\" rel=\"noopener\">Vallnord<\/a> ou apenas venha fazer compras, lembre-se que a acomoda\u00e7\u00e3o \u00e9 um pouco mais cara do que antes.<\/p>\n\n\n\n<p>A justificativa para essa taxa tur\u00edstica, no entanto, \u00e9 bastante l\u00f3gica. usualmente <strong>financiar um fundo destinado a ajudar o pr\u00f3prio setor<\/strong>. Desde a reposi\u00e7\u00e3o dos servi\u00e7os p\u00fablicos devido \u00e0 elevada presen\u00e7a de turistas at\u00e9 novas atividades desportivas e culturais atrav\u00e9s de campanhas promocionais. Como se isso n\u00e3o bastasse, tamb\u00e9m est\u00e1 previsto arrecadar o suficiente para construir <strong>um espa\u00e7o multifuncional de mais de 7.000 metros quadrados onde v\u00e1rios eventos podem ser realizados<\/strong> incluindo o Cirque du Soleil, que at\u00e9 agora sempre foi apresentado em uma tenda dentro de um estacionamento.<\/p>","protected":false},"excerpt":{"rendered":"<p>Andorra implementou uma taxa tur\u00edstica desde julho de 2022, que afeta todos os tipos de alojamento tur\u00edstico. O valor dessa taxa varia de \u20ac1 por noite para estabelecimentos de uma estrela a \u20ac3 por noite para estabelecimentos de cinco estrelas. A taxa tur\u00edstica \u00e9 uma cobran\u00e7a aplicada \u00e0s di\u00e1rias de hospedagem\u2026 <a title=\"Taxa tur\u00edstica em Andorra: quanto se paga por noite?\" class=\"read-more\" href=\"https:\/\/andorrainsiders.com\/pt\/taxa-turismo-alojamento-taxa\/\" aria-label=\"Saiba mais sobre o imposto tur\u00edstico em Andorra: quanto voc\u00ea paga por noite?\">consulte Mais informa\u00e7\u00e3o<\/a><\/p>","protected":false},"author":1,"featured_media":6530,"comment_status":"open","ping_status":"closed","sticky":false,"template":"","format":"standard","meta":{"footnotes":""},"categories":[194,478],"tags":[479,481,22,482,483,480],"class_list":["post-6513","post","type-post","status-publish","format-standard","has-post-thumbnail","hentry","category-fiscal","category-turismo","tag-alojamiento-turistico","tag-alojamientos-turisticos","tag-andorra","tag-apartamentos-turisticos","tag-impuesto-sobre-las-estancias","tag-tasa-turistica"],"_links":{"self":[{"href":"https:\/\/andorrainsiders.com\/pt\/wp-json\/wp\/v2\/posts\/6513","targetHints":{"allow":["GET"]}}],"collection":[{"href":"https:\/\/andorrainsiders.com\/pt\/wp-json\/wp\/v2\/posts"}],"about":[{"href":"https:\/\/andorrainsiders.com\/pt\/wp-json\/wp\/v2\/types\/post"}],"author":[{"embeddable":true,"href":"https:\/\/andorrainsiders.com\/pt\/wp-json\/wp\/v2\/users\/1"}],"replies":[{"embeddable":true,"href":"https:\/\/andorrainsiders.com\/pt\/wp-json\/wp\/v2\/comments?post=6513"}],"version-history":[{"count":1,"href":"https:\/\/andorrainsiders.com\/pt\/wp-json\/wp\/v2\/posts\/6513\/revisions"}],"predecessor-version":[{"id":9182,"href":"https:\/\/andorrainsiders.com\/pt\/wp-json\/wp\/v2\/posts\/6513\/revisions\/9182"}],"wp:featuredmedia":[{"embeddable":true,"href":"https:\/\/andorrainsiders.com\/pt\/wp-json\/wp\/v2\/media\/6530"}],"wp:attachment":[{"href":"https:\/\/andorrainsiders.com\/pt\/wp-json\/wp\/v2\/media?parent=6513"}],"wp:term":[{"taxonomy":"category","embeddable":true,"href":"https:\/\/andorrainsiders.com\/pt\/wp-json\/wp\/v2\/categories?post=6513"},{"taxonomy":"post_tag","embeddable":true,"href":"https:\/\/andorrainsiders.com\/pt\/wp-json\/wp\/v2\/tags?post=6513"}],"curies":[{"name":"wp","href":"https:\/\/api.w.org\/{rel}","templated":true}]}}