{"id":9205,"date":"2026-04-29T09:06:45","date_gmt":"2026-04-29T07:06:45","guid":{"rendered":"https:\/\/andorrainsiders.com\/consecuencias-rechazo-acuerdo-asociacion-andorra-ue\/"},"modified":"2026-04-29T09:06:45","modified_gmt":"2026-04-29T07:06:45","slug":"consecuencias-rechazo-acuerdo-asociacion-andorra-ue","status":"publish","type":"post","link":"https:\/\/andorrainsiders.com\/fr\/consequences-du-rejet-de-laccord-dassociation-andorre-ue\/","title":{"rendered":"Cons\u00e9quences du rejet de l\u2019accord d\u2019association Andorre-UE\u00a0: Risques"},"content":{"rendered":"<p>Sans cet accord d\u2019association, Andorre risque d\u2019\u00eatre isol\u00e9e du march\u00e9 unique de 450 millions de consommateurs, perdant ainsi l\u2019acc\u00e8s pr\u00e9f\u00e9rentiel qu\u2019Emmanuel Macron a qualifi\u00e9 d\u2019opportunit\u00e9 historique qui ne se repr\u00e9sentera pas avant des d\u00e9cennies.<\/p>\n<p>Le <strong>cons\u00e9quences du rejet de l&#039;accord d&#039;association entre Andorre et l&#039;UE<\/strong> Elles impliquent une exclusion d\u00e9finitive du march\u00e9 int\u00e9rieur, le maintien de barri\u00e8res techniques et de droits de douane sur les marchandises. Ceci entraverait la diversification \u00e9conomique, limiterait la croissance du PIB et obligerait les entreprises de services \u00e0 cr\u00e9er des filiales en Europe pour exercer leur activit\u00e9 en toute l\u00e9galit\u00e9.<\/p>\n<h2>\u00bfQu\u00e9 impacto econ\u00f3mico inmediato tendr\u00eda el &#8216;no&#8217; al acuerdo de asociaci\u00f3n con la UE para Andorra?<\/h2>\n<p>L&#039;impact \u00e9conomique imm\u00e9diat du rejet de l&#039;accord d&#039;association se traduirait par une perte de comp\u00e9titivit\u00e9 structurelle par rapport aux autres micro-\u00c9tats et aux r\u00e9gions voisines. En refusant de s&#039;int\u00e9grer au march\u00e9 unique, Andorre conserverait son statut de <strong>pays tiers pur<\/strong>Cela signifie que tout flux de biens ou de services vers l&#039;Union europ\u00e9enne resterait soumis \u00e0 des contr\u00f4les aux fronti\u00e8res et \u00e0 des divergences r\u00e9glementaires qui augmentent le co\u00fbt des op\u00e9rations commerciales.<\/p>\n<h3>Quel serait l&#039;impact de l&#039;exclusion du march\u00e9 int\u00e9rieur sur le PIB d&#039;Andorre\u00a0?<\/h3>\n<p>L&#039;exclusion du march\u00e9 int\u00e9rieur limiterait la croissance potentielle du produit int\u00e9rieur brut (PIB), car celle-ci d\u00e9pendrait presque exclusivement du tourisme et du commerce local traditionnel. Selon les donn\u00e9es du minist\u00e8re de <a href=\"https:\/\/www.estadistica.ad\" target=\"_blank\" rel=\"noopener noreferrer\">Statistiques d&#039;Andorre<\/a>L&#039;\u00e9conomie andorrane a fait preuve d&#039;une remarquable r\u00e9silience, mais les analystes pr\u00e9viennent que le mod\u00e8le actuel atteint ses limites en l&#039;absence d&#039;une v\u00e9ritable lib\u00e9ralisation. Sans accord, le PIB pourrait stagner, faute d&#039;attirer les secteurs \u00e0 forte valeur ajout\u00e9e qui n\u00e9cessitent un \u00ab\u00a0passeport europ\u00e9en\u00a0\u00bb pour d\u00e9velopper leurs activit\u00e9s depuis la Principaut\u00e9. En r\u00e9alit\u00e9, tandis que les \u00c9tats membres de l&#039;UE b\u00e9n\u00e9ficient de m\u00e9canismes de coh\u00e9sion, Andorre devra financer sa modernisation sans aide ext\u00e9rieure, ce qui pourrait entra\u00eener \u00e0 long terme une pression fiscale interne accrue pour maintenir les services publics.<\/p>\n<h3>Que deviendrait la diversification \u00e9conomique sans le passeport europ\u00e9en\u00a0?<\/h3>\n<p>La diversification \u00e9conomique est le grand cri de ralliement de <a href=\"https:\/\/www.govern.ad\" target=\"_blank\" rel=\"noopener noreferrer\">Gouverner d&#039;Andorre<\/a>Sans cet accord d&#039;association, des secteurs comme la fintech, la biotechnologie et le e-commerce avanc\u00e9 se heurteraient \u00e0 un obstacle bureaucratique insurmontable. Actuellement, une entreprise souhaitant exporter des services num\u00e9riques d&#039;Andorre vers la France ou l&#039;Espagne est confront\u00e9e \u00e0 une incertitude juridique quant \u00e0 la r\u00e9glementation applicable. Un rejet de l&#039;accord mettrait fin \u00e0 l&#039;approbation automatique, obligeant chaque entrepreneur \u00e0 n\u00e9gocier pays par pays. Soyons clairs\u00a0: les investissements directs \u00e9trangers recherchent la s\u00e9curit\u00e9 et l&#039;envergure. Si Andorre ne peut offrir un acc\u00e8s direct \u00e0 450\u00a0millions de personnes, les capitaux privil\u00e9gieront des juridictions comme Dublin, le Luxembourg, voire des r\u00e9gions espagnoles proposant des avantages fiscaux, qui offrent une s\u00e9curit\u00e9 juridique au niveau de l&#039;UE.<\/p>\n<table>\n<tr>\n<th>Variable \u00e9conomique<\/th>\n<th>Andorre (Aucun accord)<\/th>\n<th>Espagne \/ M\u00e9dias de l&#039;UE<\/th>\n<\/tr>\n<tr>\n<td>Acc\u00e8s au march\u00e9 unique<\/td>\n<td>Restreint (pays tiers)<\/td>\n<td><strong>mouvement totalement libre<\/strong><\/td>\n<\/tr>\n<tr>\n<td>Tarifs et douanes<\/td>\n<td>Contr\u00f4les physiques et techniques<\/td>\n<td><strong>Disparition des barri\u00e8res<\/strong><\/td>\n<\/tr>\n<tr>\n<td>Fonds de coh\u00e9sion<\/td>\n<td>0% du budget<\/td>\n<td><strong>Acc\u00e8s aux fonds NextGen\/structurels<\/strong><\/td>\n<\/tr>\n<tr>\n<td>Homologation des services<\/td>\n<td>Processus individuel par pays<\/td>\n<td><strong>Passeport europ\u00e9en automatique<\/strong><\/td>\n<\/tr>\n<\/table>\n<h2>Quel impact un rejet de l&#039;accord aurait-il sur les entrepreneurs et les entreprises andorranes\u00a0?<\/h2>\n<p>Le rejet de cet accord p\u00e9naliserait fortement les entrepreneurs andorrans en les privant de la s\u00e9curit\u00e9 juridique n\u00e9cessaire \u00e0 l&#039;exportation de services sans pr\u00e9sence physique dans l&#039;UE. Actuellement, la plupart des soci\u00e9t\u00e9s de services op\u00e9rant depuis la Principaut\u00e9 vers l&#039;Europe le font dans une zone grise ou en cr\u00e9ant des filiales co\u00fbteuses en Espagne ou en France, ce qui entra\u00eene une duplication des frais de gestion, de fiscalit\u00e9 et d&#039;administration. L&#039;accord de partenariat vise pr\u00e9cis\u00e9ment \u00e0 \u00e9liminer cette duplication, permettant \u00e0 une entreprise andorrane d&#039;\u00eatre reconnue comme \u00e9quivalente \u00e0 une entreprise de l&#039;UE en termes de normes de qualit\u00e9 et de contr\u00f4le.<\/p>\n<h3>Les entreprises de services pourront-elles exporter vers l&#039;UE sans obstacles ?<\/h3>\n<p>La r\u00e9ponse courte est non. Sans cet accord, les soci\u00e9t\u00e9s de services (cabinets de conseil, agences de marketing, d\u00e9veloppeurs de logiciels) continueront de s&#039;exposer \u00e0 des retenues \u00e0 la source et \u00e0 une absence de reconnaissance de leurs licences professionnelles. Par exemple, une entreprise andorrane de cybers\u00e9curit\u00e9 ne pourra pas soumissionner aux march\u00e9s publics europ\u00e9ens au m\u00eame titre qu&#039;une entreprise estonienne ou espagnole. La diff\u00e9rence est cruciale\u00a0: alors qu&#039;une soci\u00e9t\u00e9 \u00e0 responsabilit\u00e9 limit\u00e9e (SARL) espagnole fournit des services dans tous les pays de l&#039;UE sur le principe de la reconnaissance mutuelle, une entreprise andorrane doit se soumettre \u00e0 des proc\u00e9dures d&#039;homologation individuelles dans chaque pays, proc\u00e9dures qui peuvent durer des mois et engendrer des milliers d&#039;euros de frais juridiques. C&#039;est la question la plus fr\u00e9quente chez les nomades num\u00e9riques qui choisissent la Principaut\u00e9\u00a0: puis-je facturer tout le monde sans probl\u00e8me\u00a0? En r\u00e9alit\u00e9, sans cet accord, la bureaucratie internationale restera leur principal obstacle op\u00e9rationnel.<\/p>\n<h3>Quelle s\u00e9curit\u00e9 juridique les nomades num\u00e9riques perdraient-ils en Andorre ?<\/h3>\n<p>Les nomades num\u00e9riques et les professionnels hautement qualifi\u00e9s recherchent un environnement o\u00f9 leurs droits et obligations sont clairement d\u00e9finis. Le rejet de cet accord maintiendrait Andorre hors de l&#039;espace europ\u00e9en de protection des donn\u00e9es (RGPD) en termes de r\u00e9ciprocit\u00e9 automatique et totale, ce qui compliquerait le traitement des donn\u00e9es des clients europ\u00e9ens. Par ailleurs, l&#039;incertitude r\u00e9glementaire freine la cr\u00e9ation de startups technologiques qui d\u00e9pendent des lev\u00e9es de fonds \u00e9trang\u00e8res. Les investisseurs en capital-risque exigent g\u00e9n\u00e9ralement que les entreprises soient domicili\u00e9es dans un pays dont la l\u00e9gislation est harmonis\u00e9e avec celle de l&#039;UE afin de faciliter les sorties ou les cessions. Sans la protection de l&#039;UE, les startups andorranes continueront d&#039;\u00eatre per\u00e7ues comme \u00ab\u00a0exotiques\u00a0\u00bb et \u00e0 haut risque sur le plan r\u00e9glementaire, ce qui rench\u00e9rira l&#039;acc\u00e8s au capital et limitera l&#039;\u00e9cosyst\u00e8me entrepreneurial local par rapport \u00e0 des p\u00f4les comme Barcelone ou Madrid.<\/p>\n<h2>Pourquoi Emmanuel Macron avertit-il que le rejet de ce partenariat repr\u00e9sente une occasion manqu\u00e9e d&#039;histoire\u00a0?<\/h2>\n<p>Emmanuel Macron, en sa qualit\u00e9 de coprince d&#039;Andorre, a \u00e9t\u00e9 sans \u00e9quivoque\u00a0: l&#039;int\u00e9gration actuelle de la Principaut\u00e9 \u00e0 l&#039;Europe est \u00ab\u00a0fragile\u00a0\u00bb et repose sur des \u00e9quilibres qui pourraient ne pas \u00eatre viables dans l&#039;Europe de demain. Il pr\u00e9vient que rejeter l&#039;accord serait une occasion manqu\u00e9e, car il permet \u00e0 Andorre de conserver ses sp\u00e9cificit\u00e9s (comme le contr\u00f4le de l&#039;immigration et son syst\u00e8me fiscal comp\u00e9titif) tout en b\u00e9n\u00e9ficiant des avantages du march\u00e9 unique. Pour la France, la stabilit\u00e9 et la prosp\u00e9rit\u00e9 d&#039;Andorre sont un gage de s\u00e9curit\u00e9 et de stabilit\u00e9 r\u00e9gionales. Un vote \u00ab\u00a0non\u00a0\u00bb au r\u00e9f\u00e9rendum enverrait un signal d&#039;isolement susceptible de fragiliser les relations diplomatiques bilat\u00e9rales et de compromettre les n\u00e9gociations futures sur les infrastructures, l&#039;\u00e9nergie et la sant\u00e9 transfrontali\u00e8re.<\/p>\n<h3>Quel est le r\u00f4le des coprinces dans cette n\u00e9gociation ?<\/h3>\n<p>Le r\u00f4le des coprinces \u2013 le pr\u00e9sident de la R\u00e9publique fran\u00e7aise et l\u2019\u00e9v\u00eaque d\u2019Urgell \u2013 est de garantir l\u2019ind\u00e9pendance et la stabilit\u00e9 de l\u2019\u00c9tat andorran, conform\u00e9ment \u00e0 la Constitution de 1993. Dans le cadre des n\u00e9gociations avec l\u2019UE, ils constituent des ponts diplomatiques essentiels. Le coprince fran\u00e7ais jouit d\u2019une influence consid\u00e9rable \u00e0 Bruxelles, qu\u2019il a mise \u00e0 profit pour faire valoir qu\u2019Andorre ne doit pas \u00eatre consid\u00e9r\u00e9e comme un simple \u00ab paradis fiscal \u00bb ou un territoire insignifiant, mais comme un \u00c9tat dot\u00e9 d\u2019une identit\u00e9 propre et m\u00e9ritant un traitement particulier. Si le peuple andorran rejette l\u2019issue d\u2019ann\u00e9es de n\u00e9gociations approuv\u00e9es par ses chefs d\u2019\u00c9tat, la capacit\u00e9 de ces derniers \u00e0 d\u00e9fendre les int\u00e9r\u00eats andorrans dans de futurs conflits internationaux s\u2019en trouverait s\u00e9rieusement affaiblie. Il ne s\u2019agit pas de menaces, mais de r\u00e9alisme politique\u00a0: il est bien plus difficile de solliciter des faveurs \u00e0 Bruxelles lorsqu\u2019on a refus\u00e9 l\u2019aide de la Commission europ\u00e9enne.<\/p>\n<h3>Quel message Andorre envoie-t-elle \u00e0 Bruxelles en cas de rejet lors du r\u00e9f\u00e9rendum\u00a0?<\/h3>\n<p>Un rejet lors d&#039;un r\u00e9f\u00e9rendum enverrait un message d&#039;euroscepticisme que Bruxelles pourrait interpr\u00e9ter comme un refus de se conformer aux normes internationales de transparence et de coop\u00e9ration. Dans un contexte o\u00f9 l&#039;UE durcit ses politiques \u00e0 l&#039;\u00e9gard des juridictions non coop\u00e9ratives, un retrait volontaire pourrait accro\u00eetre le contr\u00f4le exerc\u00e9 sur le secteur bancaire andorran, supervis\u00e9 par la Commission europ\u00e9enne. <a href=\"https:\/\/www.afa.ad\" target=\"_blank\" rel=\"noopener noreferrer\">Autorit\u00e9 financi\u00e8re andorrane (AFA)<\/a>En r\u00e9alit\u00e9, Andorre perdrait sa capacit\u00e9 d&#039;influencer les r\u00e9glementations europ\u00e9ennes qui la concernent indirectement. L&#039;Europe continuera de l\u00e9gif\u00e9rer en mati\u00e8re de fiscalit\u00e9, d&#039;environnement et de services financiers, et Andorre devra s&#039;adapter \u00e0 ces r\u00e8gles pour interagir avec ses voisins, sans avoir eu voix au chapitre lors de leur \u00e9laboration \u2013 ce que l&#039;accord d&#039;association permettait pourtant gr\u00e2ce aux m\u00e9canismes de consultation pr\u00e9alable.<\/p>\n<h2>Qu\u2019adviendrait-il de la libre circulation des personnes et de la reconnaissance des dipl\u00f4mes\u00a0?<\/h2>\n<p>La libre circulation est l&#039;un des piliers qui suscite le plus d&#039;interrogations. Sans l&#039;accord d&#039;association, les citoyens andorrans et les r\u00e9sidents l\u00e9gaux de la Principaut\u00e9 continueront de ne pas b\u00e9n\u00e9ficier des droits \u00e0 la mobilit\u00e9 professionnelle dont jouissent les citoyens de l&#039;UE. Cela signifie qu&#039;un Andorran souhaitant travailler \u00e0 Toulouse ou \u00e0 Barcelone devra obtenir un permis de travail comme tout autre ressortissant non europ\u00e9en, soumis \u00e0 des quotas, aux exigences nationales en mati\u00e8re de statut d&#039;emploi et \u00e0 des proc\u00e9dures consulaires longues. L&#039;accord visait \u00e0 simplifier ces proc\u00e9dures, en alignant les Andorrans sur les citoyens europ\u00e9ens en mati\u00e8re d&#039;acc\u00e8s au march\u00e9 du travail, tout en pr\u00e9servant le droit d&#039;Andorre de contr\u00f4ler les entr\u00e9es sur son territoire gr\u00e2ce aux clauses de sauvegarde n\u00e9goci\u00e9es.<\/p>\n<h3>Les \u00e9tudiants andorrans continueront-ils de b\u00e9n\u00e9ficier d&#039;un traitement pr\u00e9f\u00e9rentiel en Europe\u00a0?<\/h3>\n<p>Los estudiantes son uno de los colectivos m\u00e1s vulnerables ante un rechazo del acuerdo. Actualmente, existen convenios bilaterales, pero la integraci\u00f3n total en el Espacio Europeo de Educaci\u00f3n Superior y el acceso a becas y programas de movilidad se ver\u00eda comprometido. Existe un riesgo real de que los t\u00edtulos expedidos por la Universitat d&#8217;Andorra (UdA) no sean reconocidos autom\u00e1ticamente para el ejercicio de profesiones reguladas en la UE sin pasar por procesos de homologaci\u00f3n tediosos. Mientras que un graduado espa\u00f1ol puede colegiarse en Alemania casi de forma autom\u00e1tica, un graduado andorrano podr\u00eda enfrentarse a ex\u00e1menes de equivalencia o requisitos de experiencia adicionales. Y no es para menos: la falta de un marco jur\u00eddico com\u00fan genera desconfianza en las autoridades educativas de los pa\u00edses vecinos sobre la equivalencia de los planes de estudio y los controles de calidad.<\/p>\n<h3>Quel impact cela aurait-il sur le recrutement de talents internationaux dans la Principaut\u00e9\u00a0?<\/h3>\n<p>Pour les entreprises andorranes, attirer des talents internationaux repr\u00e9sente d\u00e9j\u00e0 un d\u00e9fi en raison du co\u00fbt du logement et des quotas d&#039;immigration. Sans cet accord, ce probl\u00e8me s&#039;aggrave. Les entreprises technologiques ne pourraient plus proposer \u00e0 leurs employ\u00e9s la \u00ab mobilit\u00e9 europ\u00e9enne \u00bb, un atout majeur pour les professionnels souhaitant travailler en Andorre tout en conservant la possibilit\u00e9 de se d\u00e9placer facilement sur le continent. De plus, l&#039;acc\u00e8s \u00e0 des programmes de recherche et d\u00e9veloppement tels que\u2026 <strong>Horizon Europe<\/strong> Cette collaboration serait limit\u00e9e, voire impossible, emp\u00eachant les centres de recherche andorrans de participer \u00e0 des projets de pointe financ\u00e9s par l&#039;UE. En pratique, un r\u00e9sident andorran serait toujours soumis \u00e0 des visas de travail tr\u00e8s restrictifs, contrairement \u00e0 la libert\u00e9 totale dont b\u00e9n\u00e9ficient les citoyens espagnols ou fran\u00e7ais, ce qui r\u00e9duirait l&#039;attractivit\u00e9 de la Principaut\u00e9 en tant que p\u00f4le d&#039;attraction mondial pour les talents.<\/p>\n<h2>Quelles sont les v\u00e9ritables alternatives pour l&#039;\u00e9conomie andorrane si elle reste hors de l&#039;UE ?<\/h2>\n<p>Si Andorre d\u00e9cide de rester hors de l&#039;UE, les alternatives ne sont ni simples ni gratuites. Le mod\u00e8le de l&#039;\u00ab \u00eele fiscale \u00bb isol\u00e9e est de moins en moins viable dans un contexte de mondialisation o\u00f9 l&#039;OCDE et le G20 imposent des normes minimales de transparence. L&#039;alternative consisterait \u00e0 approfondir un r\u00e9seau d&#039;accords bilat\u00e9raux, mais l&#039;exp\u00e9rience montre que l&#039;UE n&#039;est plus int\u00e9ress\u00e9e par la n\u00e9gociation d&#039;accords sur mesure comme elle le faisait par le pass\u00e9 avec la Suisse. Bruxelles a clairement indiqu\u00e9 que le mod\u00e8le suisse, fond\u00e9 sur des centaines d&#039;accords sectoriels, est trop complexe \u00e0 g\u00e9rer et que l&#039;avenir r\u00e9side dans des accords-cadres comme celui qu&#039;Andorre examine actuellement. Selon l&#039;analyse de <a href=\"https:\/\/andorrainsiders.com\/fr\/consecuencias-acuerdo-asociacion-ue\/\" target=\"_blank\" rel=\"noopener noreferrer\">Andorra Insiders<\/a>Le manque d&#039;int\u00e9gration contraindrait le pays \u00e0 une r\u00e9forme fiscale interne encore plus agressive pour compenser le manque d&#039;acc\u00e8s au march\u00e9 par une comp\u00e9titivit\u00e9-co\u00fbt qui pourrait \u00e9roder le mod\u00e8le social andorran.<\/p>\n<h3>\u00bfEs viable un modelo de &#8216;isla fiscal&#8217; sin integraci\u00f3n regulatoria?<\/h3>\n<p>Le maintien du statut de paradis fiscal sans int\u00e9gration r\u00e9glementaire expose Andorre au risque d&#039;\u00eatre inscrite sur les listes grises ou noires si sa r\u00e9glementation nationale n&#039;\u00e9volue pas conform\u00e9ment aux normes internationales. Sans accord d&#039;association, Andorre perd la pr\u00e9somption de conformit\u00e9 li\u00e9e \u00e0 son statut de partenaire privil\u00e9gi\u00e9 de l&#039;UE. Ceci impacterait directement le secteur bancaire, qui rencontrerait davantage de difficult\u00e9s pour \u00e9tablir des relations de banque correspondante et op\u00e9rer efficacement au sein du syst\u00e8me de paiements europ\u00e9en. Une d\u00e9pendance extr\u00eame aux conventions de double imposition (CDI) deviendrait critique, or ces conventions sont plus difficiles \u00e0 n\u00e9gocier en situation d&#039;isolement. La r\u00e9alit\u00e9 est que le monde \u00e9volue vers des blocs \u00e9conomiques\u00a0; rester seul en Europe est un pari risqu\u00e9 qui pourrait entra\u00eener une perte de souverainet\u00e9 \u00e9conomique r\u00e9elle, laissant Andorre \u00e0 la merci des d\u00e9cisions unilat\u00e9rales de ses deux grands voisins.<\/p>\n<h3>Andorre pourrait-elle n\u00e9gocier des accords bilat\u00e9raux secteur par secteur\u00a0?<\/h3>\n<p>De nombreux d\u00e9tracteurs de l&#039;accord sugg\u00e8rent qu&#039;Andorre devrait n\u00e9gocier des accords sectoriels en fonction de ses int\u00e9r\u00eats, mais cette option a \u00e9t\u00e9 syst\u00e9matiquement rejet\u00e9e par les n\u00e9gociateurs de la Commission europ\u00e9enne. L&#039;UE recherche une relation institutionnalis\u00e9e et coh\u00e9rente. Contrairement \u00e0 la Suisse, qui dispose d&#039;une influence financi\u00e8re et g\u00e9opolitique consid\u00e9rable lui ayant permis d&#039;imposer des n\u00e9gociations bilat\u00e9rales il y a plusieurs d\u00e9cennies, Andorre ne b\u00e9n\u00e9ficie pas du m\u00eame pouvoir de n\u00e9gociation. Rejeter l&#039;accord actuel n&#039;ouvrirait pas la voie \u00e0 de meilleures n\u00e9gociations, mais bloquerait au contraire la candidature d&#039;Andorre \u00e0 Bruxelles pour une longue p\u00e9riode. Chaque situation est diff\u00e9rente et chaque entreprise doit \u00e9valuer son exposition, mais les donn\u00e9es montrent que le co\u00fbt de la non-association, en termes d&#039;opportunit\u00e9s manqu\u00e9es, est bien sup\u00e9rieur aux co\u00fbts d&#039;adaptation r\u00e9glementaire qu&#039;implique l&#039;accord. La question qui se pose pour les citoyens et les entreprises est la suivante\u00a0: Andorre est-elle pr\u00eate \u00e0 affronter la concurrence du XXIe si\u00e8cle avec des outils du XXe si\u00e8cle\u00a0?<\/p>\n<h2>Foire aux questions<\/h2>\n<h3>\u00bfQu\u00e9 pasa si Andorra dice &#8216;no&#8217; al acuerdo con la UE?<\/h3>\n<p>Un rejet impliquerait un isolement du march\u00e9 unique europ\u00e9en, maintenant des barri\u00e8res tarifaires et techniques qui entraveraient l&#039;exportation de services et la croissance du PIB d&#039;Andorre.<\/p>\n<h3>Quelles sont les cons\u00e9quences du rejet de l&#039;accord pour les entreprises andorranes\u00a0?<\/h3>\n<p>Les entreprises perdraient l&#039;acc\u00e8s au passeport europ\u00e9en, ce qui les obligerait \u00e0 cr\u00e9er des filiales dans l&#039;UE pour op\u00e9rer l\u00e9galement, doublant ainsi leurs co\u00fbts administratifs et fiscaux.<\/p>\n<h3>Quel impact le rejet a-t-il sur les \u00e9tudiants andorrans ?<\/h3>\n<p>Cela pourrait entraver la reconnaissance automatique des dipl\u00f4mes universitaires dans l&#039;UE et limiter l&#039;acc\u00e8s aux bourses et aux programmes de mobilit\u00e9 internationale.<\/p>\n<h3>Est-il possible de n\u00e9gocier un autre accord si celui-ci est rejet\u00e9\u00a0?<\/h3>\n<p>Selon des experts et des diplomates, l&#039;UE n&#039;envisage pas de n\u00e9gociations bilat\u00e9rales secteur par secteur ; un rejet fermerait donc la porte \u00e0 l&#039;int\u00e9gration pour des d\u00e9cennies.<\/p>\n<p><script type=\"application\/ld+json\">{\n    \"@context\": \"https:\\\/\\\/schema.org\",\n    \"@type\": \"FAQPage\",\n    \"mainEntity\": [\n        {\n            \"@type\": \"Question\",\n            \"name\": \"\\u00bfQu\\u00e9 pasa si Andorra dice 'no' al acuerdo con la UE?\",\n            \"acceptedAnswer\": {\n                \"@type\": \"Answer\",\n                \"text\": \"Un rechazo implicar\\u00eda el aislamiento del mercado \\u00fanico europeo, manteniendo barreras arancelarias y t\\u00e9cnicas que dificultar\\u00edan la exportaci\\u00f3n de servicios y el crecimiento del PIB andorrano.\"\n            }\n        },\n        {\n            \"@type\": \"Question\",\n            \"name\": \"\\u00bfC\\u00f3mo afecta el rechazo del acuerdo a las empresas andorranas?\",\n            \"acceptedAnswer\": {\n                \"@type\": \"Answer\",\n                \"text\": \"Las empresas perder\\u00edan el acceso al pasaporte europeo, oblig\\u00e1ndolas a crear filiales en la UE para operar legalmente, lo que duplica costes administrativos y fiscales.\"\n            }\n        },\n        {\n            \"@type\": \"Question\",\n            \"name\": \"\\u00bfQu\\u00e9 impacto tiene el rechazo en los estudiantes andorranos?\",\n            \"acceptedAnswer\": {\n                \"@type\": \"Answer\",\n                \"text\": \"Podr\\u00eda dificultar el reconocimiento autom\\u00e1tico de t\\u00edtulos universitarios en la UE y limitar el acceso a becas y programas de movilidad internacional.\"\n            }\n        },\n        {\n            \"@type\": \"Question\",\n            \"name\": \"\\u00bfEs posible negociar otro acuerdo si se rechaza este?\",\n            \"acceptedAnswer\": {\n                \"@type\": \"Answer\",\n                \"text\": \"Seg\\u00fan expertos y diplom\\u00e1ticos, la UE no contempla negociaciones bilaterales sector por sector, por lo que un rechazo cerrar\\u00eda la puerta a la integraci\\u00f3n durante d\\u00e9cadas.\"\n            }\n        }\n    ]\n}<\/script><\/p>","protected":false},"excerpt":{"rendered":"<p>D\u00e9couvrez les graves cons\u00e9quences du rejet de l&#039;accord d&#039;association entre Andorre et l&#039;UE. \u00c9vitez l&#039;isolement \u00e9conomique et assurez l&#039;avenir de votre entreprise.<\/p>","protected":false},"author":1,"featured_media":9204,"comment_status":"open","ping_status":"closed","sticky":false,"template":"","format":"standard","meta":{"footnotes":""},"categories":[381],"tags":[694,695,696],"class_list":["post-9205","post","type-post","status-publish","format-standard","has-post-thumbnail","hentry","category-economia","tag-acuerdo-de-asociacion","tag-emmanuel-macron","tag-inversion-andorra"],"_links":{"self":[{"href":"https:\/\/andorrainsiders.com\/fr\/wp-json\/wp\/v2\/posts\/9205","targetHints":{"allow":["GET"]}}],"collection":[{"href":"https:\/\/andorrainsiders.com\/fr\/wp-json\/wp\/v2\/posts"}],"about":[{"href":"https:\/\/andorrainsiders.com\/fr\/wp-json\/wp\/v2\/types\/post"}],"author":[{"embeddable":true,"href":"https:\/\/andorrainsiders.com\/fr\/wp-json\/wp\/v2\/users\/1"}],"replies":[{"embeddable":true,"href":"https:\/\/andorrainsiders.com\/fr\/wp-json\/wp\/v2\/comments?post=9205"}],"version-history":[{"count":0,"href":"https:\/\/andorrainsiders.com\/fr\/wp-json\/wp\/v2\/posts\/9205\/revisions"}],"wp:featuredmedia":[{"embeddable":true,"href":"https:\/\/andorrainsiders.com\/fr\/wp-json\/wp\/v2\/media\/9204"}],"wp:attachment":[{"href":"https:\/\/andorrainsiders.com\/fr\/wp-json\/wp\/v2\/media?parent=9205"}],"wp:term":[{"taxonomy":"category","embeddable":true,"href":"https:\/\/andorrainsiders.com\/fr\/wp-json\/wp\/v2\/categories?post=9205"},{"taxonomy":"post_tag","embeddable":true,"href":"https:\/\/andorrainsiders.com\/fr\/wp-json\/wp\/v2\/tags?post=9205"}],"curies":[{"name":"wp","href":"https:\/\/api.w.org\/{rel}","templated":true}]}}