{"id":7926,"date":"2023-12-05T10:59:54","date_gmt":"2023-12-05T09:59:54","guid":{"rendered":"https:\/\/andorrainsiders.com\/?p=7926"},"modified":"2026-04-23T13:54:04","modified_gmt":"2026-04-23T11:54:04","slug":"desempleo-andorra-empleo-paro","status":"publish","type":"post","link":"https:\/\/andorrainsiders.com\/fr\/il-y-a-du-chomage-en-andorre-tout-sur-lemploi-et-le-chomage\/","title":{"rendered":"Y a-t-il du ch\u00f4mage en Andorre ? Tout sur l&#039;emploi et le ch\u00f4mage"},"content":{"rendered":"<p>Au coeur des Pyr\u00e9n\u00e9es, <strong>Andorre se distingue non seulement par sa beaut\u00e9 naturelle et son attrait touristique, mais aussi par son dynamisme \u00e9conomique et professionnel.<\/strong>. Dans d&#039;autres articles, nous avons d\u00e9j\u00e0 parl\u00e9 du <a href=\"https:\/\/andorrainsiders.com\/fr\/solvabilite-economique-dette-publique\/\" data-type=\"post\" data-id=\"4205\">peu de dette publique dont dispose le pays<\/a> et de <a href=\"https:\/\/andorrainsiders.com\/fr\/croissance-economique-taux-pib-andorre\/\" data-type=\"post\" data-id=\"7129\">connu une croissance \u00e9conomique<\/a>.<\/p>\n\n\n\n<p>La <a href=\"https:\/\/www.estadistica.ad\/\" target=\"_blank\" rel=\"noopener\">Enqu\u00eate sur la population active pour le 2e trimestre 2025<\/a> del Departament d&#8217;Estad\u00edstica revela datos importantes sobre el estado actual del empleo y desempleo en este peque\u00f1o, pero pujante pa\u00eds. Este art\u00edculo analiza dichos datos, ofreciendo una visi\u00f3n clara de las tendencias del mercado laboral en Andorra, su evoluci\u00f3n en la \u00faltima d\u00e9cada y su posici\u00f3n en el contexto europeo.<\/p>\n\n\n<div class=\"wp-block-image\">\n<figure class=\"aligncenter size-full\"><img fetchpriority=\"high\" decoding=\"async\" width=\"640\" height=\"360\" src=\"https:\/\/andorrainsiders.com\/wp-content\/uploads\/2023\/12\/andorra-bajo-desempleo.jpg\" alt=\"Ch\u00f4mage et ch\u00f4mage en Andorre : comment et pourquoi le pays est un exemple de plein emploi sur son march\u00e9 du travail\" class=\"wp-image-7934\" srcset=\"https:\/\/andorrainsiders.com\/wp-content\/uploads\/2023\/12\/andorra-bajo-desempleo.jpg 640w, https:\/\/andorrainsiders.com\/wp-content\/uploads\/2023\/12\/andorra-bajo-desempleo-300x169.jpg 300w, https:\/\/andorrainsiders.com\/wp-content\/uploads\/2023\/12\/andorra-bajo-desempleo-18x10.jpg 18w\" sizes=\"(max-width: 640px) 100vw, 640px\" \/><\/figure>\n<\/div>\n\n\n<h2 class=\"wp-block-heading\">L\u2019h\u00e9ritage du plein emploi en Andorre<\/h2>\n\n\n\n<p><strong>Andorre est depuis longtemps un exemple remarquable de stabilit\u00e9 et de croissance<\/strong> dans le contexte du travail europ\u00e9en. Son <a href=\"https:\/\/andorrainsiders.com\/fr\/chronologie-dates-histoire-andorre\/\" data-type=\"post\" data-id=\"1496\">Histoire \u00e9conomique<\/a>, caract\u00e9ris\u00e9 par une \u00e9volution constante d&#039;une base agraire vers une \u00e9conomie diversifi\u00e9e ax\u00e9e sur le tourisme, le commerce et <a href=\"https:\/\/andorrainsiders.com\/fr\/comptes-banques-paiements-sepa-andorre\/\" data-type=\"post\" data-id=\"2777\">la Banque<\/a>, a jou\u00e9 un r\u00f4le fondamental dans la cr\u00e9ation d\u2019un march\u00e9 du travail robuste et r\u00e9silient.<\/p>\n\n\n\n<p><strong>Pendant des d\u00e9cennies, ce petit pays a maintenu un taux de ch\u00f4mage \u00e9tonnamment bas<\/strong>, un exploit qui est attribu\u00e9 \u00e0 la fois \u00e0 sa politique \u00e9conomique et \u00e0 son agilit\u00e9 \u00e0 s\u2019adapter aux changements globaux. Il <a href=\"http:\/\/govern.ad\" target=\"_blank\" rel=\"noopener\">Gouvernement andorran<\/a> a \u00e9t\u00e9 proactif en investissant dans des secteurs cl\u00e9s, tels que le tourisme, qui attire des millions de visiteurs chaque ann\u00e9e, et dans le commerce de d\u00e9tail, en particulier dans la vente de produits hors taxes, qui a g\u00e9n\u00e9r\u00e9 un grand nombre d&#039;opportunit\u00e9s d&#039;emploi. En outre, le secteur bancaire, connu pour sa grande confidentialit\u00e9 et sa stabilit\u00e9, a contribu\u00e9 de mani\u00e8re significative \u00e0 l\u2019emploi et \u00e0 la croissance \u00e9conomique.<\/p>\n\n\n\n<p><a href=\"https:\/\/es.wikipedia.org\/wiki\/Desempleo_en_Espa\u00f1a\" target=\"_blank\" rel=\"noopener\">Contrairement \u00e0 ses voisins europ\u00e9ens<\/a>, <strong>Andorre a r\u00e9ussi \u00e0 \u00e9viter des taux de ch\u00f4mage \u00e9lev\u00e9s, m\u00eame pendant les p\u00e9riodes de r\u00e9cession \u00e9conomique mondiale.<\/strong>. Cette capacit\u00e9 \u00e0 maintenir un niveau constant de plein emploi t\u00e9moigne de la force et de la <a href=\"https:\/\/andorrainsiders.com\/fr\/avantages-fiscaux-andorre\/\" data-type=\"page\" data-id=\"544\">singularit\u00e9 de son mod\u00e8le \u00e9conomique<\/a>. Au fil des ann\u00e9es, le pays a d\u00e9montr\u00e9 une remarquable capacit\u00e9 d&#039;adaptation aux changements, en maintenant un \u00e9quilibre entre croissance \u00e9conomique et <a href=\"https:\/\/andorrainsiders.com\/fr\/cass-securite-sociale\/\" data-type=\"page\" data-id=\"2285\">protection sociale<\/a>.<\/p>\n\n\n\n<p>Cependant, <strong>Andorre n&#039;a pas \u00e9t\u00e9 sans d\u00e9fis<\/strong>. L&#039;\u00e9conomie du pays, bien que robuste, a \u00e9t\u00e9 confront\u00e9e aux <a href=\"https:\/\/andorrainsiders.com\/fr\/crise-covid-19-plan-horizon-23\/\" data-type=\"post\" data-id=\"4058\">n\u00e9cessit\u00e9 de se diversifier au-del\u00e0 du tourisme et du commerce<\/a>. En r\u00e9ponse, le gouvernement a concentr\u00e9 ses efforts sur <a href=\"https:\/\/andorrainsiders.com\/fr\/numerisation-andorre-moins-bureaucratie\/\" data-type=\"post\" data-id=\"4684\">num\u00e9risation du pays<\/a> et son ouverture internationale. Le r\u00e9sultat de ceci est le <a href=\"https:\/\/andorrainsiders.com\/fr\/accord-andorre-relations-syndicales-europeennes\/\" data-type=\"post\" data-id=\"4281\">accord d&#039;association avec l&#039;Union europ\u00e9enne.<\/a> ou la <a href=\"https:\/\/andorrainsiders.com\/fr\/accords-de-double-imposition-andorre\/\" data-type=\"post\" data-id=\"1804\">de nombreux CDI sign\u00e9s<\/a> avec d&#039;autres pays.<\/p>\n\n\n\n<p>Des efforts ont \u00e9galement \u00e9t\u00e9 consacr\u00e9s \u00e0 l&#039;\u00e9ducation et \u00e0 la formation professionnelle, pr\u00e9parant sa main-d&#039;\u0153uvre \u00e0 s&#039;adapter aux nouvelles technologies et aux secteurs \u00e9mergents. Ces initiatives ont assur\u00e9 non seulement la durabilit\u00e9 du march\u00e9 du travail andorran, mais \u00e9galement sa capacit\u00e9 \u00e0 <strong>\u00eatre comp\u00e9titif dans une \u00e9conomie mondiale de plus en plus dynamique<\/strong>.<\/p>\n\n\n\n<p>En r\u00e9sum\u00e9, l\u2019histoire de l\u2019emploi en Andorre est celle de l\u2019adaptabilit\u00e9, de la pr\u00e9voyance et de la croissance soutenue. La combinaison de politiques \u00e9conomiques saines, d&#039;investissements dans des secteurs cl\u00e9s et d&#039;un engagement en faveur de l&#039;\u00e9ducation et de la formation professionnelle a permis \u00e0 Andorre <strong>non seulement maintenir de faibles niveaux de ch\u00f4mage, mais \u00e9galement garantir un avenir professionnel prometteur \u00e0 ses citoyens<\/strong>.<\/p>\n\n\n\n<h2 class=\"wp-block-heading\">Emploi et ch\u00f4mage en Andorre en 2025 : analyse<\/h2>\n\n\n\n<p>Le deuxi\u00e8me trimestre 2025 confirme la consolidation du march\u00e9 du travail andorran. <strong>Le pays a atteint un taux d&#039;emploi de 81,71 % parmi la population \u00e2g\u00e9e de 15 \u00e0 64 ans.<\/strong>, refl\u00e9tant la robustesse et le dynamisme du march\u00e9 du travail andorran dans un contexte \u00e9conomique mondial marqu\u00e9 par les incertitudes et les d\u00e9fis.<\/p>\n\n\n\n<p><strong>Le nombre de personnes employ\u00e9es \u00e9tait estim\u00e9 \u00e0 52 620.<\/strong>, t\u00e9moignant d\u2019une croissance constante et saine de l\u2019emploi. Cette augmentation est notable, non seulement en termes quantitatifs, mais aussi en termes de qualit\u00e9 des opportunit\u00e9s d&#039;emploi qu&#039;Andorre a pu g\u00e9n\u00e9rer et maintenir. Cette croissance de l&#039;emploi est le r\u00e9sultat d&#039;une strat\u00e9gie \u00e9conomique bien planifi\u00e9e, ax\u00e9e sur la diversification et la promotion des secteurs cl\u00e9s.<\/p>\n\n\n\n<p>L&#039;\u00e9volution de l&#039;emploi en Andorre a \u00e9galement r\u00e9v\u00e9l\u00e9 des tendances int\u00e9ressantes en termes de genre. Alors que le taux d&#039;emploi <strong>pour les hommes, le taux a connu une l\u00e9g\u00e8re diminution, celui des femmes a connu une augmentation significative<\/strong>. Ce changement pourrait signaler un progr\u00e8s vers une plus grande \u00e9galit\u00e9 entre les sexes sur le march\u00e9 du travail, refl\u00e9tant un changement progressif dans la dynamique de l&#039;emploi du pays.<\/p>\n\n\n\n<p>En plus de ces aspects positifs, <strong>Le taux de ch\u00f4mage en Andorre a atteint un niveau historiquement bas de 0,91 % de la population active.<\/strong>Cela repr\u00e9sente environ 518 personnes \u00e2g\u00e9es de 15 \u00e0 74 ans. Ce taux de ch\u00f4mage, le plus bas jamais enregistr\u00e9, t\u00e9moigne clairement de l&#039;efficacit\u00e9 des politiques \u00e9conomiques et du travail du pays et place Andorre au premier rang des pays d&#039;Europe en termes de taux de ch\u00f4mage.<\/p>\n\n\n\n<p>Cette analyse du deuxi\u00e8me trimestre 2023 <strong>met non seulement en \u00e9vidence la sant\u00e9 actuelle du march\u00e9 du travail en Andorre, mais offre \u00e9galement une fen\u00eatre sur les politiques et les strat\u00e9gies qui ont favoris\u00e9 cet environnement de travail favorable.<\/strong>. La combinaison d&#039;un environnement \u00e9conomique stable, de politiques gouvernementales proactives et d&#039;une main-d&#039;\u0153uvre adaptable et qualifi\u00e9e a plac\u00e9 Andorre dans une position enviable dans le paysage europ\u00e9en de l&#039;emploi.<\/p>\n\n\n\n<h2 class=\"wp-block-heading\">Andorre dans le contexte du ch\u00f4mage europ\u00e9en et mondial<\/h2>\n\n\n\n<p>La position exceptionnelle d&#039;Andorre sur le march\u00e9 du travail devient encore plus \u00e9vidente par rapport \u00e0 d&#039;autres pays, notamment \u00e0 ses voisins europ\u00e9ens. <strong>Alors qu&#039;Andorre b\u00e9n\u00e9ficie d&#039;un taux de ch\u00f4mage de seulement 0,91 %, la situation dans des pays comme <a href=\"https:\/\/datosmacro.expansion.com\/paro\/francia\" target=\"_blank\" rel=\"noopener\">La France<\/a> et <a href=\"https:\/\/datosmacro.expansion.com\/paro\/espana\" target=\"_blank\" rel=\"noopener\">Espagne<\/a> la diff\u00e9rence est significative, avec des taux de ch\u00f4mage d&#039;environ 7,9% et 10%.<\/strong> (En Espagne, le taux de ch\u00f4mage est pass\u00e9 sous la barre des 101 % pour la premi\u00e8re fois depuis 2008). Dans le contexte plus large de l&#039;Union europ\u00e9enne, avec un taux de ch\u00f4mage moyen d&#039;environ 61 %, Andorre se distingue comme le pays europ\u00e9en affichant le taux de ch\u00f4mage le plus bas.<\/p>\n\n\n\n<p>Cette comparaison internationale souligne non seulement l&#039;efficacit\u00e9 des politiques \u00e9conomiques et du travail d&#039;Andorre, mais met \u00e9galement en \u00e9vidence son <strong>l&#039;exception comme oasis d&#039;emploi en Europe<\/strong>. La capacit\u00e9 d&#039;Andorre \u00e0 maintenir un taux de ch\u00f4mage aussi bas dans un environnement \u00e9conomique souvent instable t\u00e9moigne de sa stabilit\u00e9 \u00e9conomique et politique, ainsi que de son orientation strat\u00e9gique sur des secteurs cl\u00e9s tels que le tourisme, le commerce et la banque.<\/p>\n\n\n\n<p>Le succ\u00e8s d&#039;Andorre sur le lieu de travail <strong>peut \u00e9galement \u00eatre attribu\u00e9 \u00e0 sa taille relativement petite et \u00e0 son \u00e9conomie sp\u00e9cialis\u00e9e<\/strong>, et surtout \u00e0 son <a href=\"https:\/\/andorrainsiders.com\/fr\/taxes-taux-taxes\/\" data-type=\"page\" data-id=\"2127\">un cadre fiscal attractif et favorable c&#039;est-\u00e0-dire : ses faibles imp\u00f4ts<\/a>. Cela lui a permis de s\u2019adapter rapidement aux changements et aux d\u00e9fis mondiaux, tout en maintenant un environnement favorable \u00e0 l\u2019emploi. En outre, la politique d&#039;Andorre visant \u00e0 attirer les investissements \u00e9trangers et les talents internationaux a contribu\u00e9 de mani\u00e8re significative \u00e0 son march\u00e9 du travail dynamique et diversifi\u00e9.<\/p>\n\n\n\n<p>En conclusion, au-del\u00e0 de ses fronti\u00e8res, Andorre se pr\u00e9sente non seulement comme un cas exceptionnel en Europe, mais aussi comme un <strong>mod\u00e8le en mati\u00e8re d\u2019emploi et de gestion \u00e9conomique<\/strong>. Son approche \u00e9quilibr\u00e9e, qui allie stabilit\u00e9 \u00e9conomique et politiques de travail inclusives et progressistes, la positionne comme un leader dans le paysage du travail europ\u00e9en et mondial.<\/p>\n\n\n\n<h2 class=\"wp-block-heading\">Conclusion : Andorre comme exemple sur le march\u00e9 du travail<\/h2>\n\n\n\n<p><strong>Andorre constitue un exemple remarquable de r\u00e9ussite et de stabilit\u00e9 sur le march\u00e9 du travail.<\/strong>Non seulement dans le contexte europ\u00e9en, mais aussi \u00e0 l&#039;\u00e9chelle mondiale. Avec un taux d&#039;emploi de 81,71 % au deuxi\u00e8me trimestre 2025 et un taux de ch\u00f4mage historiquement bas de 0,91 %, le pays a d\u00e9montr\u00e9 une capacit\u00e9 exceptionnelle \u00e0 cr\u00e9er et \u00e0 maintenir un march\u00e9 du travail sain et dynamique.<\/p>\n\n\n\n<p>Cette situation favorable est le r\u00e9sultat d&#039;une combinaison de facteurs, parmi lesquels <strong>des politiques \u00e9conomiques efficaces, une strat\u00e9gie de diversification sectorielle et une concentration sur l\u2019enseignement et la formation professionnels<\/strong>. L&#039;inclusion et l&#039;\u00e9galit\u00e9 des sexes sur le march\u00e9 du travail, ainsi que l&#039;adaptation aux besoins des diff\u00e9rents groupes d&#039;\u00e2ge, refl\u00e8tent un engagement profond en faveur du d\u00e9veloppement durable et de la justice sociale.<\/p>\n\n\n\n<p>La comparaison avec d&#039;autres pays europ\u00e9ens souligne encore le caract\u00e8re unique d&#039;Andorre en termes d&#039;emploi et de gestion \u00e9conomique. Son approche \u00e9quilibr\u00e9e et progressiste sert de mod\u00e8le, d\u00e9montrant que <strong>il est possible de combiner croissance \u00e9conomique et bien-\u00eatre social<\/strong>.<\/p>\n\n\n\n<p>En regardant vers l\u2019avenir, Andorre est confront\u00e9e au d\u00e9fi de maintenir ces tendances positives, en s\u2019adaptant \u00e0 un paysage \u00e9conomique mondial en constante \u00e9volution. Cependant, <strong>Son bilan \u00e0 ce jour sugg\u00e8re qu\u2019elle est bien \u00e9quip\u00e9e pour poursuivre sur la voie du succ\u00e8s.<\/strong>, servant de phare de stabilit\u00e9 et de progr\u00e8s sur le lieu de travail.<\/p>","protected":false},"excerpt":{"rendered":"<p>Nich\u00e9e au c\u0153ur des Pyr\u00e9n\u00e9es, Andorre se distingue non seulement par sa beaut\u00e9 naturelle et son attrait touristique, mais aussi par son \u00e9conomie dynamique et son march\u00e9 de l&#039;emploi florissant. Nous avons d\u00e9j\u00e0 abord\u00e9 la faible dette publique et la croissance \u00e9conomique du pays dans d&#039;autres articles. L&#039;enqu\u00eate sur la population active du deuxi\u00e8me trimestre 2025\u2026 <a title=\"Y a-t-il du ch\u00f4mage en Andorre ? Tout sur l&#039;emploi et le ch\u00f4mage\" class=\"read-more\" href=\"https:\/\/andorrainsiders.com\/fr\/il-y-a-du-chomage-en-andorre-tout-sur-lemploi-et-le-chomage\/\" aria-label=\"En savoir plus sur \u00bfHay desempleo en Andorra? Todo sobre empleo y paro\">lire la suite<\/a><\/p>","protected":false},"author":1,"featured_media":7932,"comment_status":"open","ping_status":"closed","sticky":false,"template":"","format":"standard","meta":{"footnotes":""},"categories":[381,47],"tags":[22,561,567,562,566,564,560,563],"class_list":["post-7926","post","type-post","status-publish","format-standard","has-post-thumbnail","hentry","category-economia","category-informacion-y-noticias","tag-andorra","tag-desempleo","tag-ejemplo","tag-empleo","tag-estabilidad","tag-mercado-laboral","tag-paro","tag-pleno-empleo"],"_links":{"self":[{"href":"https:\/\/andorrainsiders.com\/fr\/wp-json\/wp\/v2\/posts\/7926","targetHints":{"allow":["GET"]}}],"collection":[{"href":"https:\/\/andorrainsiders.com\/fr\/wp-json\/wp\/v2\/posts"}],"about":[{"href":"https:\/\/andorrainsiders.com\/fr\/wp-json\/wp\/v2\/types\/post"}],"author":[{"embeddable":true,"href":"https:\/\/andorrainsiders.com\/fr\/wp-json\/wp\/v2\/users\/1"}],"replies":[{"embeddable":true,"href":"https:\/\/andorrainsiders.com\/fr\/wp-json\/wp\/v2\/comments?post=7926"}],"version-history":[{"count":7,"href":"https:\/\/andorrainsiders.com\/fr\/wp-json\/wp\/v2\/posts\/7926\/revisions"}],"predecessor-version":[{"id":9158,"href":"https:\/\/andorrainsiders.com\/fr\/wp-json\/wp\/v2\/posts\/7926\/revisions\/9158"}],"wp:featuredmedia":[{"embeddable":true,"href":"https:\/\/andorrainsiders.com\/fr\/wp-json\/wp\/v2\/media\/7932"}],"wp:attachment":[{"href":"https:\/\/andorrainsiders.com\/fr\/wp-json\/wp\/v2\/media?parent=7926"}],"wp:term":[{"taxonomy":"category","embeddable":true,"href":"https:\/\/andorrainsiders.com\/fr\/wp-json\/wp\/v2\/categories?post=7926"},{"taxonomy":"post_tag","embeddable":true,"href":"https:\/\/andorrainsiders.com\/fr\/wp-json\/wp\/v2\/tags?post=7926"}],"curies":[{"name":"wp","href":"https:\/\/api.w.org\/{rel}","templated":true}]}}