{"id":6513,"date":"2022-09-28T21:39:21","date_gmt":"2022-09-28T19:39:21","guid":{"rendered":"https:\/\/andorrainsiders.com\/?p=6513"},"modified":"2026-04-24T20:12:05","modified_gmt":"2026-04-24T18:12:05","slug":"tasa-turistica-andorra","status":"publish","type":"post","link":"https:\/\/andorrainsiders.com\/fr\/taxe-tarif-hebergement-touristique\/","title":{"rendered":"Taxe de s\u00e9jour en Andorre : combien payez-vous par nuit ?"},"content":{"rendered":"<p><strong>Andorre applique depuis juillet 2022 une taxe de s\u00e9jour qui concerne tous les h\u00e9bergements touristiques.<\/strong>. Le montant de cette taxe varie de 1 \u20ac par nuit pour les h\u00f4tels une \u00e9toile \u00e0 3 \u20ac par nuit pour les h\u00f4tels 5 \u00e9toiles. La taxe de s\u00e9jour <strong>C&#039;est une taxe qui s&#039;applique aux nuits d&#039;h\u00e9bergement<\/strong> qu&#039;un touriste fait dans une r\u00e9gion ou une juridiction sp\u00e9cifique et est appliqu\u00e9 dans de nombreux endroits \u00e0 travers l&#039;Europe: des communaut\u00e9s autonomes telles que <a href=\"https:\/\/atc.gencat.cat\/es\/tributs\/ieet\/quota-tributaria\/\" target=\"_blank\" rel=\"noopener\">Catalogne<\/a> et <a href=\"https:\/\/www.google.com\/url?sa=t&amp;rct=j&amp;q=&amp;esrc=s&amp;source=web&amp;cd=&amp;ved=2ahUKEwiBsYng-cT8AhVEQvEDHap7Dr4QFnoECAsQAQ&amp;url=https%3A%2F%2Fwww.hacienda.gob.es%2FDocumentacion%2FPublico%2FPortalVarios%2FFinanciacionTerritorial%2FAutonomica%2FTributosPropios%2FNormativa%2F2022%2FImpuesto-sobre-estancias-turIsticas-BALEARES-2022.pdf&amp;usg=AOvVaw2OS6z5lRK2Eu6U88Pb3O_6\" target=\"_blank\" rel=\"noopener\">Bal\u00e9ares<\/a> dans les grandes villes comme <a href=\"https:\/\/es.parisinfo.com\/paris-practico\/dinero\/tasa-de-estadia\" target=\"_blank\" rel=\"noopener\">Paris<\/a>, Bruxelles, <a href=\"https:\/\/www.visitberlin.de\/es\/impuesto-municipal-city-tax-de-berlin\" target=\"_blank\" rel=\"noopener\">Berlin<\/a>, <a href=\"https:\/\/ideasparaviajar.com\/tasa-turistica-de-roma\" target=\"_blank\" rel=\"noopener\">Rome<\/a> ou Vienne. <a href=\"https:\/\/www.intermundial.es\/blog\/la-tasa-turistica-a-traves-de-5-preguntas\/\" target=\"_blank\" rel=\"noopener\">Ici vous pouvez voir plus d&#039;informations sur ce taux en Europe<\/a> et aussi <a href=\"https:\/\/www.20minutos.es\/viajes\/destinos\/mapa-tasa-turistica-europea-4864078\/\" target=\"_blank\" rel=\"noopener\">dans cet article de 20 minutes<\/a>.<\/p>\n\n\n\n<p>Depuis environ un an, la cr\u00e9ation d&#039;un <strong>nouvelle taxe sur l&#039;h\u00e9bergement touristique<\/strong>. Plus pr\u00e9cis\u00e9ment \u00e0 travers la dite \u00ab Loi r\u00e9glementant la taxe sur les s\u00e9jours dans les h\u00e9bergements touristiques \u00bb. Une loi dont l&#039;initiative s&#039;est d\u00e9j\u00e0 refl\u00e9t\u00e9e dans la <a href=\"https:\/\/andorrainsiders.com\/fr\/crise-covid-19-plan-horizon-23\/\" data-type=\"post\" data-id=\"4058\">Plan Horizon 23<\/a> et les lignes programmatiques du gouvernement d&#039;Andorre. D\u00e9j\u00e0 en novembre 2021, le Conseil des ministres a approuv\u00e9 le projet de loi.<\/p>\n\n\n\n<p><a href=\"https:\/\/www.govern.ad\/turisme\/item\/13595-el-govern-aprova-el-projecte-de-llei-que-regula-la-taxa-turistica\" target=\"_blank\" rel=\"noopener\">Selon le gouvernement<\/a>, <strong>l&#039;application de cette taxe de s\u00e9jour est finaliste<\/strong>. En d&#039;autres termes, le produit de la taxe sur les s\u00e9jours dans les h\u00e9bergements touristiques sert \u00e0 assurer la <strong>Fonds pour la promotion du tourisme<\/strong>, un fonds du Minist\u00e8re du Tourisme pour la promotion du tourisme <a href=\"https:\/\/andorrainsiders.com\/fr\/impulsions-andorre-environnement-inities\/\">durable<\/a>, responsable et de qualit\u00e9 de la Principaut\u00e9 d&#039;Andorre. \u00c9galement \u00e0 la protection, la pr\u00e9servation, la r\u00e9cup\u00e9ration et l&#039;am\u00e9lioration des ressources touristiques, l&#039;am\u00e9lioration des produits et services touristiques et le d\u00e9veloppement des infrastructures et des services qui y sont li\u00e9s.<\/p>\n\n\n\n<p>Finalement, <strong>le 22 juin 2022 <a href=\"https:\/\/www.bopa.ad\/bopa\/034076\/Pagines\/CGL20220622_10_03_29.aspx\" target=\"_blank\" rel=\"noopener\">a \u00e9t\u00e9 publi\u00e9 au BOPA<\/a> la <a href=\"https:\/\/www.consellgeneral.ad\/ca\/activitat-parlamentaria\/lleis-aprovades\/llei-19-2022-del-9-de-juny-reguladora-de-l2019impost-sobre-les-estades-en-allotjaments-turistics-de-modificacio-de-la-llei-16-2017-del-13-de-juliol-general-de-l2019allotjament-turistic-i-de-modificacio-de-la-llei-13-2007-del-20-de-setembre-de-creacio-de\" target=\"_blank\" rel=\"noopener\">Loi 19\/2022<\/a><\/strong>, appel\u00e9 <em>Taxe sur les \u00c9tats dans les \u00e9tablissements touristiques et les investissements \u00e9trangers<\/em> (IEI). Il convient de noter que le <strong>Loi 5\/2025<\/strong> ont \u00e9tendu le champ d&#039;application de cette m\u00eame taxe pour inclure \u00e9galement les <strong>investissements immobiliers \u00e9trangers<\/strong> (Type 6% pour les r\u00e9sidences principales et 10% pour les r\u00e9sidences secondaires), bien que de nature totalement diff\u00e9rente de la taxe de s\u00e9jour. La loi, avec ses modifications apport\u00e9es par la Loi g\u00e9n\u00e9rale sur l&#039;h\u00e9bergement touristique et la loi portant cr\u00e9ation de la soci\u00e9t\u00e9 publique ANDORRA TURISME (R\u00e8glement LIEAT), ainsi que le formulaire de d\u00e9claration de recensement \u00e0 signer par les personnes tenues de payer la taxe, <a href=\"https:\/\/www.bopa.ad\/bopa\/034076\/Pagines\/CGL20220622_10_03_29.aspx\" target=\"_blank\" rel=\"noopener\">plus d&#039;informations ici<\/a>. Entre autres probl\u00e8mes, <strong>Cette nouvelle taxe de s\u00e9jour est introduite qui vise \u00e0 enregistrer les s\u00e9jours dans diff\u00e9rents \u00e9tablissements d&#039;h\u00e9bergement touristique<\/strong> de la Principaut\u00e9<\/p>\n\n\n\n<p><strong>Le fait g\u00e9n\u00e9rateur de la taxe sont les s\u00e9jours, par jours ou fractions<\/strong>, effectu\u00e9s par les contribuables dans l&#039;un des h\u00e9bergements touristiques pr\u00e9vus \u00e0 la <a href=\"https:\/\/www.consellgeneral.ad\/fitxers\/documents\/lleis-2017\/llei-16-2017-general-de-l2019allotjament-turistic\/view\" target=\"_blank\" rel=\"noopener\">Loi g\u00e9n\u00e9rale de l&#039;h\u00e9bergement touristique<\/a>, sauf aires d&#039;accueil camping-car <strong>(avec ou sans nuit\u00e9e)<\/strong>. Les redevables de cette taxe sont toutes les personnes physiques qui effectuent un s\u00e9jour en h\u00e9bergement touristique.<\/p>\n\n\n\n<h2 class=\"wp-block-heading\">Taxe de s\u00e9jour selon h\u00e9bergement<\/h2>\n\n\n\n<p><strong>Le montant du tarif sera appliqu\u00e9 pour chaque s\u00e9jour, jour ou fraction et par personne<\/strong>, en fonction du type d&#039;h\u00e9bergement et de sa &quot;qualit\u00e9&quot; (le nombre d&#039;\u00e9toiles). Concr\u00e8tement, les tarifs suivants s&#039;appliquent :<\/p>\n\n\n\n<figure class=\"wp-block-table\"><table><tbody><tr><td><strong>Type de logement consid\u00e9r\u00e9<\/strong><\/td><td><strong>Taxe de s\u00e9jour \u00e0 r\u00e9gler<\/strong><\/td><\/tr><tr><td>H\u00e9bergement de tourisme 5 \u00e9toiles \u2b50\u2b50\u2b50\u2b50\u2b50<\/td><td>3\u20ac par nuit et par personne<\/td><\/tr><tr><td>H\u00e9bergement de tourisme 4 \u00e9toiles \u2b50\u2b50\u2b50\u2b50<\/td><td>2\u20ac par nuit et par personne<\/td><\/tr><tr><td>H\u00e9bergement de tourisme 2 et 3 \u00e9toiles \u2b50\u2b50 (\u2b50)<\/td><td>1,5 \u20ac par nuit et par personne<\/td><\/tr><tr><td>Reste des h\u00e9bergements (campings, pensions\u2026)<\/td><td>1\u20ac par nuit et par personne<\/td><\/tr><\/tbody><\/table><figcaption>Taxes sur les h\u00e9bergements touristiques en Andorre<\/figcaption><\/figure>\n\n\n\n<p><strong>Dans <a href=\"https:\/\/andorrainsiders.com\/fr\/vivienda-andorra-comprar-alquilar-inmueble\/\" data-type=\"post\" data-id=\"4371\">m\u00e9nages<\/a> l&#039;utilisation touristique applique \u00e9galement le tarif de 2 \u20ac par personne<\/strong>. De plus, il y a <strong>exon\u00e9r\u00e9<\/strong> application de cette taxe de s\u00e9jour :<\/p>\n\n\n\n<ul class=\"wp-block-list\"><li>Les s\u00e9jours de <a href=\"https:\/\/andorrainsiders.com\/fr\/residence-immigration-vie\/\" data-type=\"page\" data-id=\"2621\">R\u00e9sidents andorrans<\/a><\/li><li>S\u00e9jours des moins de 16 ans<\/li><li>S\u00e9jours de plus de 7 jours, \u00e0 partir du huiti\u00e8me jour (par exemple, si une personne s\u00e9journe 9 jours dans un h\u00e9bergement touristique, elle ne paiera que 7 jours de taxe de s\u00e9jour).<\/li><li>Les s\u00e9jours organis\u00e9s par d\u00e9cision des services sociaux du Gouvernement<\/li><li>Les s\u00e9jours effectu\u00e9s pour cause de force majeure, ainsi que ceux effectu\u00e9s dans des logements class\u00e9s comme maisons de vacances et auberges, lorsqu&#039;ils sont organis\u00e9s ou promus, totalement ou partiellement, par des entit\u00e9s publiques andorranes.<\/li><\/ul>\n\n\n\n<p><strong>Le changement d&#039;h\u00e9bergement par le touriste implique de relancer le compte<\/strong> car le maximum de 7 jours est appliqu\u00e9 \u00e0 chaque logement individuellement. Ainsi, si une personne passe deux semaines dans le m\u00eame appartement touristique, elle paiera le tarif correspondant multipli\u00e9 par 7 (le maximum \u00e9tant appliqu\u00e9). Mais si vous utilisez plusieurs \u00e9tablissements, par exemple une semaine <a href=\"https:\/\/andorrainsiders.com\/fr\/12-hotels-hebergement-nuit-andorre\/\" data-type=\"post\" data-id=\"2828\">dans un h\u00f4tel et un autre dans une auberge<\/a> diff\u00e9rent, vous devrez vous acquitter de la taxe de s\u00e9jour tous les jours.<\/p>\n\n\n\n<h2 class=\"wp-block-heading\">Les redevables de la taxe de s\u00e9jour sont les propri\u00e9taires<\/h2>\n\n\n\n<p><strong>Les titulaires de licences touristiques, en g\u00e9n\u00e9ral, agiront en tant que responsables du paiement de cette taxe<\/strong>, sauf qu&#039;ils agissent par l&#039;interm\u00e9diaire d&#039;interm\u00e9diaires (EGHUT). Dans ce cas, ce sont eux qui agissent en tant que responsables. Ce seront eux qui seront oblig\u00e9s de le liquider trimestriellement devant le minist\u00e8re des Finances. Le taux d&#039;imposition est le r\u00e9sultat de la multiplication du nombre de jours de s\u00e9jour ou fraction (maximum de 7) par le taux d&#039;imposition applicable.<\/p>\n\n\n<div class=\"wp-block-image\">\n<figure class=\"aligncenter size-full is-resized\"><img fetchpriority=\"high\" decoding=\"async\" src=\"https:\/\/andorrainsiders.com\/wp-content\/uploads\/2023\/01\/La-tasa-turi\u0301stica-deben-pagarla-los-propietarios-de-los-alojamientos-1.jpg\" alt=\"La taxe de s\u00e9jour doit \u00eatre acquitt\u00e9e par les propri\u00e9taires des h\u00e9bergements\" class=\"wp-image-7065\" width=\"666\" height=\"450\" srcset=\"https:\/\/andorrainsiders.com\/wp-content\/uploads\/2023\/01\/La-tasa-turi\u0301stica-deben-pagarla-los-propietarios-de-los-alojamientos-1.jpg 888w, https:\/\/andorrainsiders.com\/wp-content\/uploads\/2023\/01\/La-tasa-turi\u0301stica-deben-pagarla-los-propietarios-de-los-alojamientos-1-300x203.jpg 300w, https:\/\/andorrainsiders.com\/wp-content\/uploads\/2023\/01\/La-tasa-turi\u0301stica-deben-pagarla-los-propietarios-de-los-alojamientos-1-768x519.jpg 768w, https:\/\/andorrainsiders.com\/wp-content\/uploads\/2023\/01\/La-tasa-turi\u0301stica-deben-pagarla-los-propietarios-de-los-alojamientos-1-18x12.jpg 18w\" sizes=\"(max-width: 666px) 100vw, 666px\" \/><\/figure>\n<\/div>\n\n\n<p>La Taxe est payable \u00e0 tout moment d\u00e8s le d\u00e9but du s\u00e9jour, sauf si elle a \u00e9t\u00e9 pr\u00e9alablement acquitt\u00e9e. <strong>Le paiement de la taxe sera trimestriel.<\/strong> (avril, juillet, octobre et janvier), sur la base des donn\u00e9es que chacun des \u00e9tablissements fournit via le ROA (registre d&#039;occupation). Un projet sera r\u00e9dig\u00e9 qui, dans tous les cas, devra \u00eatre approuv\u00e9 ou modifi\u00e9.<\/p>\n\n\n\n<h3 class=\"wp-block-heading\">La loi a \u00e9t\u00e9 n\u00e9goci\u00e9e<\/h3>\n\n\n\n<p>Avant que la loi ne soit vot\u00e9e, <strong>le texte normatif a \u00e9t\u00e9 partag\u00e9 avec les entreprises du secteur<\/strong>, qui ont vers\u00e9 leurs cotisations et ont \u00e9t\u00e9 inclus dans le projet de loi. Ceux-ci, ainsi que les modifications approuv\u00e9es par le gouvernement, ont form\u00e9 la loi approuv\u00e9e apr\u00e8s avoir suivi la proc\u00e9dure parlementaire. Des travaux techniques ont \u00e9galement commenc\u00e9 pour configurer et param\u00e9trer le portail fiscal pour inclure la gestion de la nouvelle taxe de mani\u00e8re int\u00e9gr\u00e9e dans les syst\u00e8mes d&#039;information du gouvernement, ainsi que pour mettre \u00e0 jour et param\u00e9trer le Registre d&#039;occupation des h\u00e9bergements touristiques.<\/p>\n\n\n\n<p>Cependant, le directeur de l&#039;Union h\u00f4teli\u00e8re d&#039;Andorre, Jordi Pujol, a critiqu\u00e9 la fa\u00e7on dont <strong>point le plus controvers\u00e9 le moment de l&#039;entr\u00e9e en vigueur du taux<\/strong>, puisqu&#039;ils avaient d\u00e9j\u00e0 sign\u00e9 des contrats jusqu&#039;\u00e0 d\u00e9but novembre et qu&#039;une bonne partie des voyagistes avec lesquels ils travaillent ne sont pas dispos\u00e9s \u00e0 r\u00e9percuter la diff\u00e9rence de prix sur leurs clients pour ne pas perdre de comp\u00e9titivit\u00e9. &quot;Nous savions que t\u00f4t ou tard cela arriverait et nous \u00e9tions pr\u00e9par\u00e9s&quot;, explique Pujol, mais le secteur a demand\u00e9 de retarder l&#039;entr\u00e9e en vigueur pour avoir &quot;un \u00e9t\u00e9 normal&quot;.<\/p>\n\n\n\n<h2 class=\"wp-block-heading\">Modifications des autres lois<\/h2>\n\n\n\n<p>Au cours de la m\u00eame session, la modification de la loi g\u00e9n\u00e9rale sur l&#039;h\u00e9bergement touristique et la modification de la loi publique Andorra Turisme SA ont \u00e9t\u00e9 approuv\u00e9es. Entre autres, il pr\u00e9sente la <strong>cr\u00e9ation d&#039;un nouveau groupe au sein de la modalit\u00e9 camping<\/strong>, pour r\u00e9glementer les logements dont les caract\u00e9ristiques n&#039;\u00e9taient pas pr\u00e9vues par la r\u00e9glementation en vigueur. Les articles qui r\u00e9glementaient les refuges de montagne et les h\u00e9bergements atypiques sont \u00e9galement abrog\u00e9s, puisqu&#039;ils sont inclus dans le nouveau groupe appel\u00e9 &quot;Glamping&quot;.<\/p>\n\n\n\n<p>Modifie \u00e9galement le <strong>s\u00e9jour maximum dans les aires d&#039;accueil camping-car qui passe de 48 \u00e0 24 heures<\/strong> et la cr\u00e9ation d&#039;une conciergerie est pr\u00e9vue dans les r\u00e9sidences \u00e0 usage touristique. D&#039;un autre c\u00f4t\u00e9 <strong>change le Conseil d&#039;administration d&#039;Andorra Turisme SA<\/strong>. La pr\u00e9sidence sera assur\u00e9e par le Ministre du Tourisme, le poste de Vice-pr\u00e9sident sera occup\u00e9 par le Ministre des Finances, il y aura \u00e9galement un secr\u00e9taire nomm\u00e9 par le Ministre du Tourisme et trois conseillers nomm\u00e9s par le Gouvernement.<\/p>\n\n\n\n<h2 class=\"wp-block-heading\">Un motif pr\u00e9tendument fond\u00e9<\/h2>\n\n\n\n<p>Donc, <strong>Andorre suit le chemin des autres villes europ\u00e9ennes<\/strong> telles que Rome, Paris, Amsterdam, Bruxelles, Vienne, Lisbonne, Berlin, Malte, Prague ou Budapest en ce sens, ajoutant ce nouveau taux \u00e0 ceux d\u00e9j\u00e0 en vigueur <a href=\"https:\/\/andorrainsiders.com\/fr\/impuestos-tasas-tributos\/\" data-type=\"page\" data-id=\"2127\">imp\u00f4ts en Andorre<\/a>. Par cons\u00e9quent, lorsque vous allez rester dans <a href=\"https:\/\/andorrainsiders.com\/fr\/12-hotels-hebergement-nuit-andorre\/\" data-type=\"post\" data-id=\"2828\">un h\u00f4tel<\/a> par exemple, vous aurez le co\u00fbt suppl\u00e9mentaire dans la facture pour chaque nuit d&#039;h\u00e9bergement. Alors \u00e0 chaque fois <a href=\"https:\/\/andorrainsiders.com\/fr\/astuces-tourisme-voyage-andorre-inities\/\" data-type=\"post\" data-id=\"920\">voyages en andorre<\/a>, bon pour se d\u00e9tendre <a href=\"https:\/\/www.caldea.com\/\" target=\"_blank\" rel=\"noopener\">Chaldea<\/a>, skier <a href=\"https:\/\/www.grandvalira.com\/\" target=\"_blank\" rel=\"noopener\">Grandvalira<\/a> ou en <a href=\"https:\/\/vallnordpalarinsal.com\/es\/\" target=\"_blank\" rel=\"noopener\">Vallnord<\/a> ou simplement venir faire du shopping, rappelez-vous que le logement est un peu plus cher qu&#039;avant.<\/p>\n\n\n\n<p>La justification de cette taxe de s\u00e9jour est pourtant assez logique. d&#039;habitude <strong>financer un fonds destin\u00e9 \u00e0 aider le secteur lui-m\u00eame<\/strong>. De la reconstitution des services publics due \u00e0 la forte pr\u00e9sence touristique aux nouvelles activit\u00e9s sportives et culturelles en passant par des campagnes de promotion. Comme si cela ne suffisait pas, il est \u00e9galement pr\u00e9vu de lever suffisamment pour construire <strong>un lieu multifonctionnel de plus de 7 000 m\u00e8tres carr\u00e9s o\u00f9 divers \u00e9v\u00e9nements peuvent \u00eatre organis\u00e9s<\/strong> dont le Cirque du Soleil, qui jusqu&#039;\u00e0 pr\u00e9sent s&#039;est toujours jou\u00e9 sous une tente \u00e0 l&#039;int\u00e9rieur d&#039;un parking.<\/p>","protected":false},"excerpt":{"rendered":"<p>Depuis juillet 2022, Andorre applique une taxe de s\u00e9jour qui concerne tous les h\u00e9bergements touristiques. Son montant varie de 1 \u20ac par nuit pour les \u00e9tablissements une \u00e9toile \u00e0 3 \u20ac par nuit pour les \u00e9tablissements cinq \u00e9toiles. La taxe de s\u00e9jour est un pr\u00e9l\u00e8vement appliqu\u00e9 au nombre de nuit\u00e9es\u2026 <a title=\"Taxe de s\u00e9jour en Andorre : combien payez-vous par nuit ?\" class=\"read-more\" href=\"https:\/\/andorrainsiders.com\/fr\/taxe-tarif-hebergement-touristique\/\" aria-label=\"En savoir plus sur Taxe de s\u00e9jour en Andorre : combien payez-vous par nuit ?\">lire la suite<\/a><\/p>","protected":false},"author":1,"featured_media":6530,"comment_status":"open","ping_status":"closed","sticky":false,"template":"","format":"standard","meta":{"footnotes":""},"categories":[194,478],"tags":[479,481,22,482,483,480],"class_list":["post-6513","post","type-post","status-publish","format-standard","has-post-thumbnail","hentry","category-fiscal","category-turismo","tag-alojamiento-turistico","tag-alojamientos-turisticos","tag-andorra","tag-apartamentos-turisticos","tag-impuesto-sobre-las-estancias","tag-tasa-turistica"],"_links":{"self":[{"href":"https:\/\/andorrainsiders.com\/fr\/wp-json\/wp\/v2\/posts\/6513","targetHints":{"allow":["GET"]}}],"collection":[{"href":"https:\/\/andorrainsiders.com\/fr\/wp-json\/wp\/v2\/posts"}],"about":[{"href":"https:\/\/andorrainsiders.com\/fr\/wp-json\/wp\/v2\/types\/post"}],"author":[{"embeddable":true,"href":"https:\/\/andorrainsiders.com\/fr\/wp-json\/wp\/v2\/users\/1"}],"replies":[{"embeddable":true,"href":"https:\/\/andorrainsiders.com\/fr\/wp-json\/wp\/v2\/comments?post=6513"}],"version-history":[{"count":1,"href":"https:\/\/andorrainsiders.com\/fr\/wp-json\/wp\/v2\/posts\/6513\/revisions"}],"predecessor-version":[{"id":9182,"href":"https:\/\/andorrainsiders.com\/fr\/wp-json\/wp\/v2\/posts\/6513\/revisions\/9182"}],"wp:featuredmedia":[{"embeddable":true,"href":"https:\/\/andorrainsiders.com\/fr\/wp-json\/wp\/v2\/media\/6530"}],"wp:attachment":[{"href":"https:\/\/andorrainsiders.com\/fr\/wp-json\/wp\/v2\/media?parent=6513"}],"wp:term":[{"taxonomy":"category","embeddable":true,"href":"https:\/\/andorrainsiders.com\/fr\/wp-json\/wp\/v2\/categories?post=6513"},{"taxonomy":"post_tag","embeddable":true,"href":"https:\/\/andorrainsiders.com\/fr\/wp-json\/wp\/v2\/tags?post=6513"}],"curies":[{"name":"wp","href":"https:\/\/api.w.org\/{rel}","templated":true}]}}