{"id":358,"date":"2019-12-07T09:30:24","date_gmt":"2019-12-07T08:30:24","guid":{"rendered":"https:\/\/andorrainsiders.com\/?p=358"},"modified":"2026-04-21T21:36:26","modified_gmt":"2026-04-21T19:36:26","slug":"la-sanidad-en-andorra","status":"publish","type":"post","link":"https:\/\/andorrainsiders.com\/fr\/sante-en-andorre\/","title":{"rendered":"Le syst\u00e8me de sant\u00e9 andorran : comment \u00e7a marche ?"},"content":{"rendered":"<p><strong>La sant\u00e9 en Andorre est public-priv\u00e9<\/strong> et fonctionne \u00e0 travers un syst\u00e8me de sant\u00e9 \u00e0 gestion parapublique (<a href=\"https:\/\/saas.ad\/\" target=\"_blank\" rel=\"noopener\">Service de sant\u00e9 andorran, SAAS<\/a>) avec des conventions r\u00e9glement\u00e9es et un financement subventionn\u00e9 par la s\u00e9curit\u00e9 sociale via le ticket mod\u00e9rateur. Le syst\u00e8me de sant\u00e9 andorran est un syst\u00e8me tellement comp\u00e9tent et efficace qu&#039;il lui a valu d&#039;\u00eatre consid\u00e9r\u00e9 comme <strong>les meilleurs soins de sant\u00e9 au monde<\/strong> ou l&#039;un des meilleurs au monde dans des classements diff\u00e9rents et vari\u00e9s. Alors s\u00fbrement la gu\u00e9rison est <a href=\"https:\/\/andorrainsiders.com\/fr\/avantages-fiscaux-andorre\/\">un des points cl\u00e9s qui font de la Principaut\u00e9 un pays extraordinaire<\/a>.<\/p>\n\n\n\n<p>Par exemple, la revue m\u00e9dicale <a href=\"https:\/\/www.thelancet.com\/action\/showFullTextImages?pii=S0140-6736%2816%2931467-2#seccestitle140\" target=\"_blank\" rel=\"noopener\">The Lancet a publi\u00e9 un rapport en 2016<\/a> d\u00e9velopp\u00e9 par l\u2019Institut d\u2019\u00e9valuation et de m\u00e9trique de l\u2019Universit\u00e9 de Washington (\u00c9tats-Unis). Ce rapport a collect\u00e9 des donn\u00e9es dans 195 pays entre 1990 et 2015, en effectuant une \u00e9valuation tous les cinq ans. <strong>Le syst\u00e8me de sant\u00e9 andorran est en t\u00eate du classement mondial<\/strong> dans toutes ces \u00e9valuations, des 85 points obtenus en 1990 aux 95 de 2015, dans lesquels l&#039;Islande a obtenu 94 points, la Suisse (92 points), \u00a0<strong>Espagne, avec 90 points<\/strong> et la France, qui est quinzi\u00e8me, avec 88 points. <strong>Mais comment \u00e7a fonctionne?<\/strong><\/p>\n\n\n\n<h2 class=\"wp-block-heading\">Comment fonctionnent les soins de sant\u00e9 en Andorre<\/h2>\n\n\n\n<p>La sant\u00e9 en Andorre repose sur une <strong>syst\u00e8me simplifi\u00e9 et centralis\u00e9 hautement efficace<\/strong>. Dans ce cas, un seul organisme r\u00e9glemente tous les dispositifs sociaux et la couverture m\u00e9dicale du pays: <a class=\"rank-math-link\" href=\"https:\/\/www.cass.ad\/\" target=\"_blank\" rel=\"noopener\">cASS, Caisse andorrane de s\u00e9curit\u00e9 sociale (Caixa Andorrana de Seguretat Social)<\/a>. D&#039;un autre c\u00f4t\u00e9, <a href=\"https:\/\/saas.ad\/\" target=\"_blank\" rel=\"noopener\">le Service de Sant\u00e9 d&#039;Andorre ou SAAS<\/a> C&#039;est l&#039;entit\u00e9 parapublique, dot\u00e9e de la personnalit\u00e9 juridique et de l&#039;autonomie financi\u00e8re qui assume la gestion et l&#039;administration de toutes les ressources publiques - humaines, mat\u00e9rielles et financi\u00e8res - d\u00e9di\u00e9es aux soins de sant\u00e9 dans le pays.<\/p>\n\n\n\n<p>Cela garantit que le syst\u00e8me de sant\u00e9 est comp\u00e9tent et efficace. <a href=\"https:\/\/www.lavanguardia.com\/economia\/20170629\/423756659923\/sistema-sanitario-andorra-ranking-mundial.html\" target=\"_blank\" rel=\"noopener\">Comme l\u2019a tr\u00e8s bien r\u00e9sum\u00e9 l\u2019ancien ministre de la Sant\u00e9 Carles \u00c1lvarez-Marfany<\/a> (actuel ambassadeur d&#039;Andorre aupr\u00e8s du Vatican), le syst\u00e8me de sant\u00e9 andorran est bas\u00e9 \u00e0 <strong>trois principes fondamentaux<\/strong>:<\/p>\n\n\n\n<ul class=\"wp-block-list\">\n<li>La <strong>coresponsabilit\u00e9<\/strong>, parce que les citoyens paient directement une partie des traitements.<\/li>\n\n\n\n<li>La <strong>solidarit\u00e9<\/strong>, parce que les personnes qui n&#039;ont pas les moyens de payer la quote-part ne sont pas exclues du syst\u00e8me.<\/li>\n\n\n\n<li>La <strong>libre choix du m\u00e9decin<\/strong>. Les patients peuvent choisir le m\u00e9decin qui les traitera.<\/li>\n<\/ul>\n\n\n<div class=\"wp-block-image\">\n<figure class=\"aligncenter size-full\"><img fetchpriority=\"high\" decoding=\"async\" width=\"640\" height=\"360\" src=\"https:\/\/andorrainsiders.com\/wp-content\/uploads\/2022\/03\/cass-andorra-sanidad.jpg\" alt=\"CASS, s\u00e9curit\u00e9 sociale en Andorre et sant\u00e9\" class=\"wp-image-5446\" srcset=\"https:\/\/andorrainsiders.com\/wp-content\/uploads\/2022\/03\/cass-andorra-sanidad.jpg 640w, https:\/\/andorrainsiders.com\/wp-content\/uploads\/2022\/03\/cass-andorra-sanidad-300x169.jpg 300w, https:\/\/andorrainsiders.com\/wp-content\/uploads\/2022\/03\/cass-andorra-sanidad-18x10.jpg 18w\" sizes=\"(max-width: 640px) 100vw, 640px\" \/><figcaption class=\"wp-element-caption\">Le CASS en Andorre<\/figcaption><\/figure>\n<\/div>\n\n\n<p>Un avantage assez remarquable est qu&#039;il a <strong>subvention plus \u00e9lev\u00e9e pour les soins dentaires que dans les pays voisins<\/strong>. Un revenu par habitant \u00e9lev\u00e9, le faible surpeuplement du pays et la forte participation des travailleurs cotisant \u00e0 la s\u00e9curit\u00e9 sociale contribuent \u00e9galement au tr\u00e8s bon fonctionnement du syst\u00e8me. C&#039;est-\u00e0-dire, <a href=\"https:\/\/andorrainsiders.com\/fr\/solvabilite-economique-dette-publique\/\" data-type=\"post\" data-id=\"4205\">la bonne forme de l&#039;\u00e9conomie andorrane<\/a>.<\/p>\n\n\n\n<p>Au contraire, en raison du petit nombre d&#039;habitants d&#039;Andorre, il existe des sp\u00e9cialit\u00e9s de la sant\u00e9 auxquelles il n&#039;y a pas d&#039;acc\u00e8s dans le pays lui-m\u00eame. Pour cette raison, la CASS a \u00e9tabli <strong>accords avec les services de s\u00e9curit\u00e9 sociale de <a href=\"https:\/\/www.cass.ad\/professionals_salut_centre_convencionats_andorra\" target=\"_blank\" rel=\"noopener\">Espagne<\/a> et la France<\/strong> pour lesquelles des sp\u00e9cialit\u00e9s non disponibles en Principaut\u00e9 peuvent y \u00eatre pratiqu\u00e9es (en d\u00e9tail plus loin).<\/p>\n\n\n\n<h2 class=\"wp-block-heading\">Tarif sant\u00e9 andorran<\/h2>\n\n\n\n<p>Le prix de <strong>les soins de sant\u00e9 en Andorre d\u00e9pendent du fait qu\u2019une personne soit <a href=\"https:\/\/andorrainsiders.com\/fr\/residence-immigration-vie\/\" data-type=\"page\" data-id=\"2621\">R\u00e9sident andorran<\/a> ou \u00e9tranger<\/strong>. Les r\u00e9sidents, \u00e9tant couverts par la CASS, b\u00e9n\u00e9ficient de tarifs conventionn\u00e9s et r\u00e9duits, tandis que les \u00e9trangers b\u00e9n\u00e9ficient de tarifs touristes ou non-r\u00e9sidents, bien plus \u00e9lev\u00e9s. Nous allons expliquer ici les prix pour les r\u00e9sidents et plus tard nous \u00e9voquerons le cas des touristes et pourquoi il est important d&#039;avoir un <a href=\"https:\/\/andorrainsiders.com\/fr\/astuces-tourisme-voyage-andorre-inities\/\" data-type=\"post\" data-id=\"920\">assurance voyage<\/a>.<\/p>\n\n\n\n<p>En commen\u00e7ant par le principe de lintendance,<strong> les soins de sant\u00e9 pour les r\u00e9sidents fonctionnent en co-paiement<\/strong>. La couverture sant\u00e9 couvre une partie du co\u00fbt total, pas tous les co\u00fbts. Les frais m\u00e9dicaux pris en charge par la CASS sont essentiellement divis\u00e9s en trois selon le service m\u00e9dical et le montant subventionn\u00e9. En supposant que les soins de sant\u00e9 sont accessibles par <strong><a href=\"https:\/\/www.cass.ad\/laviapreferent\" target=\"_blank\" rel=\"noopener\">itin\u00e9raire pr\u00e9f\u00e9rentiel<\/a><\/strong> (voir la section M\u00e9decin r\u00e9f\u00e9rent pour plus d&#039;informations):<\/p>\n\n\n\n<ul class=\"wp-block-list\">\n<li>Les patients qui se rendent en ambulatoire ou dans des centres de sant\u00e9, <strong>requ\u00eates ou visites<\/strong> de sp\u00e9cialistes, le CASS couvre les <strong>75\u00a0% du co\u00fbt<\/strong> et l&#039;utilisateur est responsable de 25% du prix.<\/li>\n\n\n\n<li>En cas de <strong>hospitalisation<\/strong> la couverture sant\u00e9 couvre <strong>90\u00a0% des d\u00e9penses<\/strong>, permettant \u00e9galement de ne payer que le pourcentage non couvert par la CASS, c&#039;est-\u00e0-dire de ne payer que 10% du prix total.<\/li>\n\n\n\n<li>Les d\u00e9penses occasionn\u00e9es par des accidents du travail ou <strong>maladies professionnelles et accouchement<\/strong> sont <strong>100\u00a0% couvert<\/strong>.<\/li>\n\n\n\n<li>Enfin, si vos d\u00e9penses de sant\u00e9 en Andorre se font avant <strong>services non affili\u00e9s \u00e0 la s\u00e9curit\u00e9 sociale<\/strong> andorrane, les remboursements sont jusqu&#039;\u00e0 <strong>33% du total<\/strong>. Ainsi, le prix 66% ou plus est pay\u00e9.<\/li>\n<\/ul>\n\n\n\n<p>Cependant, <strong>cASS finance 100\u00a0% du traitement<\/strong> aux gens qui prouvent quils ne peuvent pas faire face \u00e0 la dette, comme <strong>personnes sans ressources<\/strong> ou en situation dexclusion sociale, liant ainsi les soins de sant\u00e9 au principe de solidarit\u00e9 pr\u00e9cit\u00e9, puisque personne nest laiss\u00e9 pour compte en raison de sa mauvaise situation \u00e9conomique.<\/p>\n\n\n\n<p>Il convient de noter que <strong>tout dabord lutilisateur ou le patient supporte tous les co\u00fbts<\/strong>. Lorsque vous \u00eates vu par un m\u00e9decin, vous recevez un formulaire scell\u00e9 et des re\u00e7us CASS. La r\u00e9cup\u00e9ration du pourcentage des d\u00e9penses correspondantes seffectue par linterm\u00e9diaire dun bureau local de la CASS avec toute la documentation. Bien quil existe actuellement un syst\u00e8me informatique qui ex\u00e9cute ce processus automatiquement et <strong>rembourser le montant par virement<\/strong> banque si tout est correct apr\u00e8s quelques jours.<\/p>\n\n\n\n<p>Une solution pour ceux qui ne veulent pas effectuer avec les paiements ponctuels que le copaiement suppose est <strong>souscrire une assurance frais suppl\u00e9mentaires<\/strong>, qui couvre pr\u00e9cis\u00e9ment le pourcentage des co\u00fbts que la CASS ne subventionne pas.<\/p>\n\n\n\n<h2 class=\"wp-block-heading\">Les soins de sant\u00e9 en Andorre sont-ils publics ou priv\u00e9s ?<\/h2>\n\n\n\n<p><strong>La sant\u00e9 en Andorre est publique avec un ticket mod\u00e9rateur en termes de financement, mais elle est g\u00e9r\u00e9e de mani\u00e8re priv\u00e9e et parapublique<\/strong> par des accords auxquels tous les professionnels de sant\u00e9 peuvent adh\u00e9rer. Le troisi\u00e8me principe fondamental des soins de sant\u00e9 en Andorre est la libert\u00e9. Libert\u00e9 \u00e0 la fois d&#039;\u00eatre soign\u00e9 (<strong>libert\u00e9 du m\u00e9decin<\/strong>, de la demande) quant \u00e0 lexercice (<strong>libert\u00e9 d\u00eatre m\u00e9decin<\/strong>, en offre). En fait, ils peuvent <a href=\"https:\/\/www.cass.ad\/professionals_salut_centre_convencionats_andorra\" target=\"_blank\" rel=\"noopener\">consultez tous les professionnels de sant\u00e9 et centres de congr\u00e8s avec la CASS qui exercent en Andorre ici<\/a>.<\/p>\n\n\n\n<p>Et c&#039;est que <a href=\"https:\/\/www.cass.ad\/professionals-sanitaris\" target=\"_blank\" rel=\"noopener\">\u00e0 ce syst\u00e8me de sant\u00e9 peuvent \u00eatre inclus<\/a> Quoi <strong>convaincu tous les professionnels<\/strong> qui offrent des services subventionn\u00e9s par la CASS par un processus simple et \u00e0 certaines conditions, aboutissant \u00e0 la sant\u00e9 dans un&nbsp;<a class=\"rank-math-link\" href=\"https:\/\/es.wikipedia.org\/wiki\/Cheque_escolar\" target=\"_blank\" rel=\"noreferrer noopener\">syst\u00e8me de v\u00e9rification<\/a>&nbsp;avec une quote-part dans laquelle l\u00c9tat est oblig\u00e9 de financer les services de sant\u00e9, mais est <strong>lutilisateur qui choisit qui, o\u00f9 et comment il les obtient<\/strong>.<\/p>\n\n\n\n<p>Ainsi, un patient peut se rendre \u00e0 l&#039;h\u00f4pital Nostra Senyora de Meritxell et se verra offrir des soins de sant\u00e9 avec toutes les garanties et conditions des soins de sant\u00e9 andorrans. Mais <strong>Vous pouvez \u00e9galement le faire dans l&#039;une des nombreuses cliniques priv\u00e9es agr\u00e9\u00e9es par la CASS<\/strong> pour la prestation demand\u00e9e et la CASS applique les m\u00eames tarifs et normes. C&#039;est-\u00e0-dire : la couverture sant\u00e9 est garantie par la CASS mais c&#039;est l&#039;usager qui choisit comment l&#039;exercer.<\/p>\n\n\n\n<p>En fait, <strong>les m\u00e9decins priv\u00e9s sont l\u00e9galement autoris\u00e9s \u00e0 effectuer des op\u00e9rations chirurgicales et diagnostiques dans un h\u00f4pital<\/strong> si le client lexige et aussi avec la nouveaut\u00e9 du m\u00e9decin r\u00e9f\u00e9rent, Andorre cherche \u00e0 \u00e9viter la saturation du syst\u00e8me et des h\u00f4pitaux publics en coordonnant et en organisant efficacement les patients dans les cliniques priv\u00e9es, ce qui est impensable dans les syst\u00e8mes voisins.<\/p>\n\n\n\n<p>Il en est donc ainsi, <strong>L&#039;Andorre a une sant\u00e9 publique, mais c&#039;est un syst\u00e8me qui se veut comp\u00e9tent et efficace<\/strong>. D&#039;une part, en mati\u00e8re de sant\u00e9 publique, elle se limite \u00e0 fixer des conditions, des exigences et des accords et, d&#039;autre part, la sant\u00e9 priv\u00e9e (cliniques, professionnels, centres, etc.) adh\u00e8re aux accords, accepte leurs conditions et exigences et rivaliser en sant\u00e9 publique. . En revanche, l&#039;usager n&#039;a \u00e0 supporter que sa part du ticket mod\u00e9rateur et uniquement s&#039;il n&#039;a pas d&#039;assurance compl\u00e9mentaire.<\/p>\n\n\n\n<h2 class=\"wp-block-heading\">M\u00e9decin r\u00e9f\u00e9rent et Itin\u00e9raire Pr\u00e9f\u00e9rentiel en Andorre<\/h2>\n\n\n\n<p>L&#039;une des derni\u00e8res innovations dans le domaine de la sant\u00e9 en Andorre est le <strong>M\u00e9decin r\u00e9f\u00e9rent<\/strong>, pour am\u00e9liorer l&#039;acc\u00e8s, l&#039;efficacit\u00e9 et la coordination des soins de sant\u00e9. L&#039;utilisateur actuellement inscrit au CASS <strong>vous devez choisir un m\u00e9decin g\u00e9n\u00e9raliste ou un p\u00e9diatre<\/strong> en tant que m\u00e9decin r\u00e9f\u00e9rent. Cela offre des soins de sant\u00e9 plus personnalis\u00e9s mais g\u00e9n\u00e9raux et surveille l&#039;\u00e9tat de sant\u00e9 de l&#039;utilisateur au fil du temps. <strong>C&#039;est le premier n\u0153ud, le premier diagnostic<\/strong>, celui qui demande des visites \u00e0 des sp\u00e9cialistes et agit comme un guide \u00e0 travers le syst\u00e8me de sant\u00e9 et coordonne avec les diff\u00e9rents professionnels de la sant\u00e9 qui traitent le patient.<\/p>\n\n\n\n<p>De plus, lors des consultations avec le m\u00e9decin r\u00e9f\u00e9rent, il n&#039;est pas n\u00e9cessaire de payer le co\u00fbt total. Seule la partie qui correspond \u00e0 l&#039;usager est pay\u00e9e directement, soit les 25% du tarif \u00e9tabli. Par l&#039;interm\u00e9diaire du m\u00e9decin r\u00e9f\u00e9rent, l&#039;appel est \u00e9tabli <strong>Voie d&#039;acc\u00e8s pr\u00e9f\u00e9r\u00e9e<\/strong> aux soins de sant\u00e9. Le fonctionnement de cette route est simple : <strong>Pour acc\u00e9der aux visites de m\u00e9decins sp\u00e9cialistes, vous devez \u00eatre r\u00e9f\u00e9r\u00e9 par le m\u00e9decin r\u00e9f\u00e9rent<\/strong>C\u2019est le premier endroit o\u00f9 nous devons nous rendre. C\u2019est notre m\u00e9decin traitant qui devrait nous y orienter.<\/p>\n\n\n\n<p>Bien s\u00fbr, il y a des exceptions \u00e0 cela. Concr\u00e8tement, en plus du m\u00e9decin r\u00e9f\u00e9rent, nous sommes \u00e9galement r\u00e9f\u00e9r\u00e9s par voie pr\u00e9f\u00e9rentielle depuis les services d&#039;urgence des centres de sant\u00e9 ou pour acc\u00e9der aux services apr\u00e8s une hospitalisation. <strong>Les m\u00e9decins r\u00e9f\u00e9rents doivent \u00eatre des m\u00e9decins ayant la sp\u00e9cialit\u00e9 de m\u00e9decine g\u00e9n\u00e9rale<\/strong>, mais aussi, si vous souffrez d&#039;une maladie ou d&#039;un \u00e9tat n\u00e9cessitant une surveillance p\u00e9riodique sp\u00e9cialis\u00e9e, vous pouvez avoir un <strong>m\u00e9decin sp\u00e9cialiste r\u00e9f\u00e9rent<\/strong> que vous consulterez directement une fois la premi\u00e8re r\u00e9f\u00e9rence faite par le m\u00e9decin r\u00e9f\u00e9rent. Dans ce cas, c&#039;est le m\u00eame sp\u00e9cialiste que vous avez choisi qui r\u00e9alise la mission.<\/p>\n\n\n\n<p>L\u2019objectif du m\u00e9decin traitant et la voie privil\u00e9gi\u00e9e sont d\u2019\u00e9viter un effondrement du nombre de m\u00e9decins sp\u00e9cialistes, puisque le m\u00e9decin traitant doit justifier professionnellement chaque orientation. <strong>Les pourcentages indiqu\u00e9s ci-dessus sont appliqu\u00e9s uniquement lors de l&#039;acc\u00e8s par la voie pr\u00e9f\u00e9rentielle<\/strong>. En acc\u00e8s par voie non pr\u00e9f\u00e9rentielle, le CASS ne couvre que 33% en visites, 60% en actes, tests et produits prescrits et 60% en actes de r\u00e9\u00e9ducation et de r\u00e9adaptation fonctionnelle (contre respectivement 75%, 75% et 65%).<\/p>\n\n\n\n<p><strong>\u00c9tat actuel du syst\u00e8me (2025) :<\/strong> d&#039;apr\u00e8s les donn\u00e9es de <a href=\"https:\/\/www.cass.ad\/sites\/default\/files\/documents\/Llista%20Serveis%20M%C3%A8dics%20-%20Metges%20generalistes%20Web%202025.pdf\" target=\"_blank\" rel=\"noopener noreferrer\">Liste officielle CASS<\/a>, seulement <strong>62 m\u00e9decins g\u00e9n\u00e9ralistes ont un accord avec CASS en 2025<\/strong>Parmi eux, environ 50 sont des m\u00e9decins g\u00e9n\u00e9ralistes en exercice. Sur ces 50, <strong>11 d&#039;entre eux ont d\u00e9pass\u00e9 l&#039;\u00e2ge de la retraite (65 ans).<\/strong>, lo que supone una presi\u00f3n creciente sobre el sistema. El Govern trabaja junto con la OMS y el Col\u00b7legi Oficial de Metges d&#8217;Andorra en un plan de atracci\u00f3n y retenci\u00f3n a 10 a\u00f1os. Como incentivo, el <a href=\"https:\/\/www.govern.ad\/salut\/item\/8222-el-govern-modifica-les-tarifes-de-responsabilitat-de-la-cass-de-determinats-actes-i-procediments-realitzats-al-saas\" target=\"_blank\" rel=\"noopener noreferrer\">D\u00e9cret 69\/2025 (BOPA, mars 2025)<\/a> Elle a augment\u00e9 les tarifs des soins primaires pour doubler l&#039;IPC, fixant le prix d&#039;une consultation chez un m\u00e9decin g\u00e9n\u00e9raliste \u00e0 <strong>29,51 \u20ac<\/strong> du taux de r\u00e9f\u00e9rence.<\/p>\n\n\n\n<h2 class=\"wp-block-heading\">Comment la couverture sant\u00e9 est-elle obtenue en Andorre\u202f?<\/h2>\n\n\n\n<p>Obtenir une couverture sant\u00e9 en Andorre <strong>en tant que r\u00e9sident, vous pouvez adh\u00e9rer \u00e0 la Caisse andorrane de s\u00e9curit\u00e9 sociale<\/strong>. Plus de 90% des habitants du pays sont couverts par cette s\u00e9curit\u00e9 sociale, selon les donn\u00e9es statistiques. Cependant, il existe des r\u00e9sidents passifs non couverts qui ont <a href=\"https:\/\/andorrainsiders.com\/fr\/assurance-medicale-privee-andorre-sante\/\" data-type=\"post\" data-id=\"3890\">votre propre assurance priv\u00e9e<\/a>. Cela est d\u00fb au fait que les r\u00e9sidents passifs, n&#039;exer\u00e7ant pas d&#039;activit\u00e9 \u00e9conomique dans le pays, ne sont pas oblig\u00e9s de cotiser \u00e0 la s\u00e9curit\u00e9 sociale.<\/p>\n\n\n<div class=\"wp-block-image is-resized\">\n<figure class=\"aligncenter size-large\"><img decoding=\"async\" width=\"1024\" height=\"682\" src=\"https:\/\/andorrainsiders.com\/wp-content\/uploads\/2020\/02\/medicoandorra-1024x682.jpg\" alt=\"\" class=\"wp-image-406\" style=\"object-fit:cover;width:512px;height:512px\" srcset=\"https:\/\/andorrainsiders.com\/wp-content\/uploads\/2020\/02\/medicoandorra-1024x682.jpg 1024w, https:\/\/andorrainsiders.com\/wp-content\/uploads\/2020\/02\/medicoandorra-300x200.jpg 300w, https:\/\/andorrainsiders.com\/wp-content\/uploads\/2020\/02\/medicoandorra-768x512.jpg 768w, https:\/\/andorrainsiders.com\/wp-content\/uploads\/2020\/02\/medicoandorra.jpg 1280w\" sizes=\"(max-width: 1024px) 100vw, 1024px\" \/><\/figure>\n<\/div>\n\n\n<p>Affiliation \u00e0 la Caisse de s\u00e9curit\u00e9 sociale (CASS) <strong>il est obligatoire pour tous les salari\u00e9s<\/strong> qui exercent une activit\u00e9 \u00e9conomique ou professionnelle, et donc la grande majorit\u00e9 des r\u00e9sidents. Il existe deux fa\u00e7ons d&#039;\u00eatre couvert par le syst\u00e8me de sant\u00e9 andorran via la s\u00e9curit\u00e9 sociale\u00a0: soit en ayant un emploi, que ce soit en tant qu&#039;ind\u00e9pendant ou salari\u00e9 (au sein d&#039;une entreprise locale ou \u00e9trang\u00e8re), soit en \u00e9tant au ch\u00f4mage. Les personnes sans emploi sont inscrites au registre du ch\u00f4mage. <a href=\"https:\/\/www.cass.ad\/regims-especials\" target=\"_blank\" rel=\"noopener noreferrer\">Servei d&#8217;Ocupaci\u00f3 pueden afiliarse a la CASS<\/a> verser en 2026 une contribution d&#039;environ <strong>153 \u20ac\/mois<\/strong> (succursale g\u00e9n\u00e9rale uniquement, 10% du salaire minimum de 1\u00a0525,33\u00a0\u20ac) ou <strong>336 \u20ac\/mois<\/strong> si la cotisation de retraite (22%) est \u00e9galement incluse. Ainsi, les employeurs, <a href=\"https:\/\/andorrainsiders.com\/fr\/autonomo-andorra-2020-requisitos\/\" data-type=\"post\" data-id=\"3064\">autonome<\/a> et les travailleurs des entreprises sont couverts par la CASS. De plus, depuis l&#039;approbation de la <strong>Loi 4\/2025 (30 janvier 2025)<\/strong>travailleurs salari\u00e9s licenci\u00e9s avec pr\u00e9avis et\/ou indemnit\u00e9s <strong>Ils conservent leur couverture sant\u00e9 CASS pendant la p\u00e9riode de transition.<\/strong> apr\u00e8s le licenciement, chose qui n&#039;\u00e9tait pas garantie auparavant.<\/p>\n\n\n\n<p>Bien que la s\u00e9curit\u00e9 sociale andorrane ne soit pas une assurance maladie ind\u00e9pendante, <strong>Avec la couverture CASS, vos voyages dans les pays voisins sont \u00e9galement couverts<\/strong> comme la France, le Portugal et l&#039;Espagne. Cependant, vous devez demander un d\u00e9pliant de voyage \u00e0 CASS <strong>avant le voyage<\/strong> et envoyer ensuite les factures m\u00e9dicales \u00e0 la CASS pour remboursement. Il peut <a href=\"https:\/\/www.cass.ad\/cobertura\" target=\"_blank\" rel=\"noopener\">lire plus d&#039;informations sur la couverture \u00e0 l&#039;\u00e9tranger et ses proc\u00e9dures dans cette section de la page CASS<\/a>.<\/p>\n\n\n\n<h3 class=\"wp-block-heading\">Assurance priv\u00e9e. Obligatoire\u202f?<\/h3>\n\n\n\n<p>Recommand\u00e9 mais pas n\u00e9cessaire. L&#039;assurance maladie priv\u00e9e permet d&#039;\u00e9tendre l&#039;assurance sociale andorrane d\u00e9j\u00e0 compl\u00e8te (cliniques et services non conventionnels). De plus, il y a <strong>assurance compl\u00e9mentaire couvrant le pourcentage restant<\/strong> lors de l&#039;application de la subvention correspondante de la CASS, pour \u00e9viter tout paiement ponctuel. On estime qu&#039;environ 25% de la population b\u00e9n\u00e9ficient d&#039;une assurance maladie priv\u00e9e pour ses prestations. Peut <a href=\"https:\/\/andorrainsiders.com\/fr\/assurance-medicale-privee-andorre-sante\/\" data-type=\"post\" data-id=\"3890\">En savoir plus sur l&#039;assurance priv\u00e9e compl\u00e9mentaire pour \u00e9viter la quote-part CASS et sur l&#039;assurance priv\u00e9e pour les r\u00e9sidents passifs ici<\/a>. Son prix est d&#039;environ 40-50 \u20ac par mois.<\/p>\n\n\n\n<h2 class=\"wp-block-heading\">R\u00e9partition du syst\u00e8me de sant\u00e9 andorran<\/h2>\n\n\n\n<p>La&nbsp;<strong>r\u00e9seau de sant\u00e9 dAndorre<\/strong>&nbsp;Il est grand compte tenu de la taille du pays. Il y a un h\u00f4pital principal dans la capitale (<strong>H\u00f4pital Nostra Senyora de Meritxell<\/strong>) avec <strong>128 lits op\u00e9rationnels<\/strong> (L&#039;\u00e9tablissement compte 192 chambres individuelles\u00a0; sa capacit\u00e9 op\u00e9rationnelle en 2024 \u00e9tait de 128 lits, extensible \u00e0 environ 148 lits en haute saison). En 2024, il a enregistr\u00e9 8\u00a0385 admissions, pour une dur\u00e9e moyenne de s\u00e9jour de 3,96 jours. Le gouvernement dispose d&#039;un <strong>Extension de 60 \u00e0 80 millions d&#039;euros<\/strong>, financ\u00e9 par le produit de la vente d&#039;Andorra Telecom : projet architectural pr\u00e9vu pour 2026, construction sur 4 \u00e0 5 ans, avec priorit\u00e9 donn\u00e9e aux urgences, aux soins intensifs, au bloc chirurgical-obst\u00e9trical et \u00e0 une nouvelle unit\u00e9 de radioth\u00e9rapie rattach\u00e9e au b\u00e2timent actuel.<\/p>\n\n\n<div class=\"wp-block-image\">\n<figure class=\"aligncenter size-full\"><img decoding=\"async\" width=\"640\" height=\"360\" src=\"https:\/\/andorrainsiders.com\/wp-content\/uploads\/2022\/03\/hospital-meritxell.jpg\" alt=\"h\u00f4pital nostra senyora de meritxell, Andorre et sant\u00e9\" class=\"wp-image-5449\" srcset=\"https:\/\/andorrainsiders.com\/wp-content\/uploads\/2022\/03\/hospital-meritxell.jpg 640w, https:\/\/andorrainsiders.com\/wp-content\/uploads\/2022\/03\/hospital-meritxell-300x169.jpg 300w, https:\/\/andorrainsiders.com\/wp-content\/uploads\/2022\/03\/hospital-meritxell-18x10.jpg 18w\" sizes=\"(max-width: 640px) 100vw, 640px\" \/><figcaption class=\"wp-element-caption\">H\u00f4pital Nostra Senyora de Meritxell, Andorre<\/figcaption><\/figure>\n<\/div>\n\n\n<p>Dans toute la Principaut\u00e9 il y a <strong>10 centres de sant\u00e9<\/strong> qui fournissent des niveaux de soins tr\u00e8s \u00e9lev\u00e9s. Ils sont ouverts en semaine, mais rarement le week-end. Les centres fournissent des soins pr\u00e9ventifs, des vaccinations, des premiers secours, des soins pr\u00e9natals et infantiles, la planification familiale et des conseils g\u00e9n\u00e9raux.<\/p>\n\n\n\n<p>Vous pouvez obtenir des soins d&#039;urgence en vous rendant dans un centre de sant\u00e9 ou en vous rendant \u00e0 domicile sans rendez-vous. Les patients \u00e2g\u00e9s peuvent \u00e9galement \u00eatre soign\u00e9s dans un <strong>Centre g\u00e9riatrique priv\u00e9 de 50 lits<\/strong> (Centre Geri\u00e0tric Sant Vicen\u00e7 d&#039;Enclar).<\/p>\n\n\n\n<p>Andorre a <strong>l&#039;un des taux de pharmacies par habitant les plus \u00e9lev\u00e9s au monde<\/strong>. En Principaut\u00e9, plus de 50 pharmacies proposent des m\u00e9dicaments sur ordonnance et en vente libre et des compl\u00e9ments de sant\u00e9.<\/p>\n\n\n\n<h2 class=\"wp-block-heading\">Foire aux questions pour les touristes et les \u00e9trangers<\/h2>\n\n\n\n<p>Comme nous navons expliqu\u00e9 que l\u00e9tat de sant\u00e9 des personnes inscrites dans le syst\u00e8me, nous allons maintenant r\u00e9pondre \u00e0 certaines questions fr\u00e9quemment pos\u00e9es par les touristes non inscrits au CASS.<\/p>\n\n\n\n<h3 class=\"wp-block-heading\">La carte europ\u00e9enne d&#039;assurance maladie (TSE) est-elle valable en Andorre ?<\/h3>\n\n\n\n<p><strong>Non \u00e7a ne marche pas<\/strong>. Bien qu&#039;Andorre ait des accords avec l&#039;Union europ\u00e9enne et en raison de sa proximit\u00e9 avec l&#039;Espagne et la France, on a tendance \u00e0 croire que la carte de sant\u00e9 europ\u00e9enne peut \u00eatre utilis\u00e9e, mais ce n&#039;est pas le cas. Il est important de bien se renseigner avant de voyager. L&#039;Andorre \u00e9tant un pays qui ne fait pas partie de l&#039;Union europ\u00e9enne, la carte de sant\u00e9 europ\u00e9enne <strong>non valide<\/strong> en Principaut\u00e9.<\/p>\n\n\n\n<h3 class=\"wp-block-heading\">Quelles sont les principales causes de mortalit\u00e9 ?<\/h3>\n\n\n\n<p>En Andorre, les tumeurs, les maladies cardiovasculaires et les maladies respiratoires sont les principales causes de d\u00e9c\u00e8s. La mortalit\u00e9 infantile est tr\u00e8s faible. Le taux de mortalit\u00e9 en Andorre en 2023 \u00e9tait de\u00a0: <strong>4,20 pour 1 000 habitants<\/strong>, avec un total de <strong>357 d\u00e9c\u00e8s<\/strong> (191 hommes et 166 femmes), selon les donn\u00e9es de <a href=\"https:\/\/www.estadistica.ad\" target=\"_blank\" rel=\"noopener noreferrer\">Departament d&#8217;Estad\u00edstica<\/a>.<\/p>\n\n\n\n<h3 class=\"wp-block-heading\">Sant\u00e9 en Andorre pour les Espagnols et autres \u00e9trangers : prix touristique<\/h3>\n\n\n\n<p>Pour une personne non r\u00e9sidente, par exemple un Espagnol, <strong>la visite aux urgences peut co\u00fbter 350 \u20ac sans aucun probl\u00e8me \u00e0 l&#039;h\u00f4pital Meritxell<\/strong>, donc au cas o\u00f9 <a href=\"https:\/\/andorrainsiders.com\/fr\/astuces-tourisme-voyage-andorre-inities\/\" data-type=\"post\" data-id=\"920\">voyager dans le pays<\/a> Il est conseill\u00e9 de souscrire une assurance ou au moins d&#039;avoir une assurance piste lorsque vous skiez. Ainsi, en cas de probl\u00e8me, vous b\u00e9n\u00e9ficiez de soins de sant\u00e9 en Andorre sans avoir \u00e0 d\u00e9bourser un prix exorbitant. En effet, les prix pour les non-r\u00e9sidents sont plus \u00e9lev\u00e9s car les tarifs touristiques sont appliqu\u00e9s, en plus du fait que la CASS ne les couvre pas et qu&#039;ils doivent payer les 100% du prix.<\/p>\n\n\n\n<h3 class=\"wp-block-heading\">Attention aux accidents en montagne<\/h3>\n\n\n\n<p>La plupart des accidents sont <strong>pour les sports d&#039;hiver<\/strong> pendant la haute saison d&#039;Andorre. <strong>Chutes et blessures<\/strong> en montagne, le ski ou la pratique d&#039;un autre sport similaire sont les plus nombreux, surtout par mauvais temps. Pour cette raison, il est conseill\u00e9 aux voyageurs de se tenir au courant des alertes locales de la situation m\u00e9t\u00e9orologique et d&#039;avalanche. Les avalanches se produisent g\u00e9n\u00e9ralement au milieu de l&#039;hiver, au d\u00e9but de l&#039;\u00e9t\u00e9. Des glissements de terrain peuvent \u00e9galement survenir apr\u00e8s de longues p\u00e9riodes de fortes pluies. Les blessures li\u00e9es \u00e0 la criminalit\u00e9 sont presque nulles.<\/p>\n\n\n\n<h2 class=\"wp-block-heading\">Accord entre lEspagne et lAndorre<\/h2>\n\n\n\n<p>Il y a <strong><a href=\"https:\/\/andorrainsiders.com\/fr\/accord-de-securite-sociale-espagne-andorre\/\" data-type=\"post\" data-id=\"2709\">accord de sant\u00e9 entre l&#039;Espagne et Andorre<\/a><\/strong>. Vous devez prendre plusieurs mesures et \u00eatre clair sur ce que l\u2019accord couvre et ce qu\u2019il ne couvre pas. Avant de voyager en Andorre, vous devez <strong>demandez le d\u00e9pliant de voyage en Andorre \u00e0 la S\u00e9curit\u00e9 sociale<\/strong>, Aussi connu comme <a href=\"https:\/\/www.seg-social.es\/wps\/portal\/wss\/internet\/InformacionUtil\/32078\/38626\/38627\" target=\"_blank\" rel=\"noopener\">E\/ET-11<\/a>. Pendant le voyage, vous devez avoir sur vous ce formulaire et le pr\u00e9senter avec votre pi\u00e8ce d&#039;identit\u00e9 si vous devez utiliser le syst\u00e8me de sant\u00e9.<\/p>\n\n\n\n<p>Cependant, ce formulaire ne vous dispense pas de payer au cas o\u00f9 vous auriez \u00e0 vous rendre chez le m\u00e9decin. Avec une urgence <strong>la personne concern\u00e9e doit payer entre 10% et 25% d&#039;assistance m\u00e9dicale<\/strong>. Gardez \u00e0 l&#039;esprit que vous payez initialement l&#039;int\u00e9gralit\u00e9 des frais et \u00e0 votre retour en Espagne, vous devez demander le remboursement du pourcentage que vous n&#039;avez pas eu \u00e0 payer.<\/p>\n\n\n\n<p>Au cas o\u00f9 ce ne serait pas une urgence, <strong>tu dois tout payer<\/strong> le co\u00fbt m\u00e9dical. Si l&#039;assistance m\u00e9dicale n\u00e9cessaire est faible, elle ne co\u00fbtera pas tr\u00e8s cher, mais les soins de sant\u00e9 \u00e0 l&#039;\u00e9tranger peuvent devenir tr\u00e8s chers \u00e0 mesure que nous subissons. Vous pouvez obtenir plus d&#039;informations dans tous les cas en lisant les <a href=\"https:\/\/andorrainsiders.com\/fr\/accord-de-securite-sociale-espagne-andorre\/\" data-type=\"post\" data-id=\"2709\">convention de s\u00e9curit\u00e9 sociale entre l&#039;Espagne et l&#039;Andorre ici<\/a>, qui, bien qu&#039;il s&#039;agisse d&#039;un autre type d&#039;accord, partage certaines choses.<\/p>\n\n\n\n<p>Une autre option consiste \u00e0 souscrire une assurance voyage, comme nous en avons discut\u00e9 dans <a href=\"https:\/\/andorrainsiders.com\/fr\/astuces-tourisme-voyage-andorre-inities\/\" data-type=\"post\" data-id=\"920\">cet article de conseils pour voyager en Andorre<\/a>.<\/p>\n\n\n\n<h2 class=\"wp-block-heading\">Accord entre la France et Andorre<\/h2>\n\n\n\n<p>Le 12 d\u00e9cembre 2000, la R\u00e9publique fran\u00e7aise et la Principaut\u00e9 d&#039;Andorre ont pr\u00e9par\u00e9 une convention de s\u00e9curit\u00e9 sociale. Il vise \u00e0 couvrir le plus grand nombre de personnes dans le secteur de la sant\u00e9 et de la protection sociale. Cette convention pr\u00e9cise que <strong>les individus sont soumis au r\u00e9gime de s\u00e9curit\u00e9 sociale du pays dans lequel ils exercent une activit\u00e9<\/strong>:<\/p>\n\n\n\n<ul class=\"wp-block-list\">\n<li>Salari\u00e9s ou non salari\u00e9s, quelle que soit leur nationalit\u00e9, exer\u00e7ant une activit\u00e9 professionnelle actuelle ou ant\u00e9rieure dans lun des deux pays,<\/li>\n\n\n\n<li>Assur\u00e9s sans activit\u00e9, quelle que soit leur nationalit\u00e9,<\/li>\n\n\n\n<li>Employ\u00e9s publics en fonction ou retrait\u00e9s.<\/li>\n<\/ul>\n\n\n\n<p>Les branches soumises \u00e0 laccord franco-andorran sur la sant\u00e9 et la protection sociale sont les suivantes\u202f:<\/p>\n\n\n\n<ul class=\"wp-block-list\">\n<li>Maladie et maternit\u00e9,<\/li>\n\n\n\n<li>Accidents du travail et maladies professionnelles,<\/li>\n\n\n\n<li>Invalidit\u00e9 et d\u00e9c\u00e8s,<\/li>\n\n\n\n<li>Vieillesse<\/li>\n\n\n\n<li>Divers avantages familiaux.<\/li>\n<\/ul>\n\n\n\n<hr class=\"wp-block-separator has-alpha-channel-opacity\"\/>\n\n\n\n<p>Si vous avez besoin de plus d'informations, souhaitez r\u00e9sider en Andorre ou d\u00e9placer votre entreprise, n'h\u00e9sitez pas \u00e0 <a class=\"rank-math-link\" href=\"https:\/\/andorrainsiders.com\/fr\/adresse-e-mail-de-contact\/\">contactez-nous ici<\/a>. Pour plus d&#039;informations sur Andorre, d&#039;autre part, <a class=\"rank-math-link\" href=\"https:\/\/andorrainsiders.com\/fr\/avantages-fiscaux-andorre\/\">visitez notre blog<\/a>.<\/p>","protected":false},"excerpt":{"rendered":"<p>La sant\u00e9 en Andorre est publique-priv\u00e9e et fonctionne par le biais d&#039;un syst\u00e8me de sant\u00e9 \u00e0 gestion parapublique (Service andorran de soins de sant\u00e9, SAAS) avec des conventions r\u00e9glement\u00e9es et un financement subventionn\u00e9 par la s\u00e9curit\u00e9 sociale via un ticket mod\u00e9rateur. Le syst\u00e8me de sant\u00e9 andorran est un syst\u00e8me tellement comp\u00e9tent et efficace qu\u2019il lui a valu d\u2019\u00eatre consid\u00e9r\u00e9 comme le meilleur\u2026 <a title=\"Le syst\u00e8me de sant\u00e9 andorran : comment \u00e7a marche ?\" class=\"read-more\" href=\"https:\/\/andorrainsiders.com\/fr\/sante-en-andorre\/\" aria-label=\"En savoir plus sur Sanidad en Andorra: \u00bfc\u00f3mo funciona?\">lire la suite<\/a><\/p>","protected":false},"author":1,"featured_media":5443,"comment_status":"open","ping_status":"open","sticky":false,"template":"","format":"standard","meta":{"footnotes":""},"categories":[12],"tags":[22,10,11,44,9,80,79],"class_list":["post-358","post","type-post","status-publish","format-standard","has-post-thumbnail","hentry","category-seguridad-social","tag-andorra","tag-cass","tag-cobertura-sanitaria","tag-salud","tag-sanidad","tag-seguridad-social","tag-sistema-sanitario"],"_links":{"self":[{"href":"https:\/\/andorrainsiders.com\/fr\/wp-json\/wp\/v2\/posts\/358","targetHints":{"allow":["GET"]}}],"collection":[{"href":"https:\/\/andorrainsiders.com\/fr\/wp-json\/wp\/v2\/posts"}],"about":[{"href":"https:\/\/andorrainsiders.com\/fr\/wp-json\/wp\/v2\/types\/post"}],"author":[{"embeddable":true,"href":"https:\/\/andorrainsiders.com\/fr\/wp-json\/wp\/v2\/users\/1"}],"replies":[{"embeddable":true,"href":"https:\/\/andorrainsiders.com\/fr\/wp-json\/wp\/v2\/comments?post=358"}],"version-history":[{"count":17,"href":"https:\/\/andorrainsiders.com\/fr\/wp-json\/wp\/v2\/posts\/358\/revisions"}],"predecessor-version":[{"id":9133,"href":"https:\/\/andorrainsiders.com\/fr\/wp-json\/wp\/v2\/posts\/358\/revisions\/9133"}],"wp:featuredmedia":[{"embeddable":true,"href":"https:\/\/andorrainsiders.com\/fr\/wp-json\/wp\/v2\/media\/5443"}],"wp:attachment":[{"href":"https:\/\/andorrainsiders.com\/fr\/wp-json\/wp\/v2\/media?parent=358"}],"wp:term":[{"taxonomy":"category","embeddable":true,"href":"https:\/\/andorrainsiders.com\/fr\/wp-json\/wp\/v2\/categories?post=358"},{"taxonomy":"post_tag","embeddable":true,"href":"https:\/\/andorrainsiders.com\/fr\/wp-json\/wp\/v2\/tags?post=358"}],"curies":[{"name":"wp","href":"https:\/\/api.w.org\/{rel}","templated":true}]}}