{"id":11315,"date":"2026-09-01T08:41:48","date_gmt":"2026-09-01T06:41:48","guid":{"rendered":"https:\/\/andorrainsiders.com\/modificacion-codigo-penal-andorra-2026\/"},"modified":"2026-09-01T08:41:48","modified_gmt":"2026-09-01T06:41:48","slug":"modificacion-codigo-penal-andorra-2026","status":"publish","type":"post","link":"https:\/\/andorrainsiders.com\/fr\/modificacion-codigo-penal-andorra-2026\/","title":{"rendered":"Code p\u00e9nal andorran de 2026\u00a0: Points cl\u00e9s et vote"},"content":{"rendered":"<p>El Consell General aprob\u00f3 el Proyecto de ley cualificada de modificaci\u00f3n del C\u00f3digo Penal durante la sesi\u00f3n celebrada los d\u00edas 14 y 15 de julio de 2026. La aplicaci\u00f3n de sus disposiciones depender\u00e1 del texto legal definitivo y de lo que establezca sobre su entrada en vigor.<\/p>\n<h2>Donn\u00e9es cl\u00e9s<\/h2>\n<ul>\n<li>La sesi\u00f3n parlamentaria se celebr\u00f3 los d\u00edas 14 y 15 de julio de 2026.<\/li>\n<li>El texto completo de la reforma penal fue aprobado con 24 votos a favor.<\/li>\n<li>El art\u00edculo 117 se aprob\u00f3 con 17 votos a favor y 8 en contra.<\/li>\n<li>La reserva de enmienda sobre ese art\u00edculo fue rechazada con 3 votos a favor, 17 en contra y 4 abstenciones.<\/li>\n<li>Las medidas temporales sobre hidrocarburos entraron en vigor el 15 de julio de 2026.<\/li>\n<\/ul>\n<h2>Qu\u00e9 ha aprobado el Consell General sobre el C\u00f3digo Penal<\/h2>\n<p>El Consell General aprob\u00f3 el Proyecto de ley cualificada de modificaci\u00f3n del C\u00f3digo Penal de Andorra durante una sesi\u00f3n dividida en dos jornadas. La primera parte tuvo lugar el martes 14 de julio por la tarde y la sesi\u00f3n se reanud\u00f3 el mi\u00e9rcoles 15 para tratar los puntos 6 y 7 del orden del d\u00eda.<\/p>\n<p>Seg\u00fan la informaci\u00f3n oficial, la reforma responde a las exigencias internas de seguridad jur\u00eddica y a los compromisos internacionales derivados de los convenios de los que Andorra forma parte. La informaci\u00f3n publicada sobre la sesi\u00f3n no detalla cada modificaci\u00f3n concreta del C\u00f3digo Penal.<\/p>\n<p>La respuesta a una pregunta habitual es esta: el proyecto de modificaci\u00f3n fue aprobado por el Consell General. Para saber cu\u00e1ndo y c\u00f3mo se aplican sus disposiciones hay que consultar el texto legal definitivo y su publicaci\u00f3n en el <a href=\"https:\/\/www.bopa.ad\/\" target=\"_blank\" rel=\"noopener\">Journal officiel de la Principaut\u00e9 d&#039;Andorre<\/a>.<\/p>\n<h2>C\u00f3mo fue la votaci\u00f3n de la reforma penal andorrana<\/h2>\n<p>El debate tuvo una particularidad importante: la reserva de enmienda presentada por el Grupo Parlamentario Socialdem\u00f3crata sobre el art\u00edculo 117 se vot\u00f3 por separado antes de votar el resto del proyecto. Esa reserva pretend\u00eda modificar el precepto relativo al aborto consentido.<\/p>\n<p>La reserva fue rechazada con 3 votos a favor, 17 en contra y 4 abstenciones. Los tres votos favorables correspondieron al Grupo Parlamentario Socialdem\u00f3crata; los 17 votos en contra, a los grupos Dem\u00f3crata, Andorra Adelante y Ciudadanos Comprometidos; y las cuatro abstenciones, al grupo Concordia.<\/p>\n<p>Despu\u00e9s se vot\u00f3 el propio art\u00edculo 117, que sali\u00f3 adelante con 17 votos a favor y 8 en contra. La diferencia entre el resultado de la reserva y el del art\u00edculo se explica porque eran votaciones distintas: una se refer\u00eda a la propuesta de modificaci\u00f3n y la otra al texto del proyecto.<\/p>\n<p>El resto de los art\u00edculos, disposiciones, anexos, \u00edndice, exposici\u00f3n de motivos y t\u00edtulo se aprob\u00f3 con 25 votos a favor de todos los grupos parlamentarios. Finalmente, la votaci\u00f3n del texto completo termin\u00f3 con 24 votos favorables.<\/p>\n<h2>Qu\u00e9 establece la reforma sobre el art\u00edculo 117 y el aborto consentido<\/h2>\n<p>El art\u00edculo 117 del proyecto hace referencia al aborto consentido. La fuente oficial confirma que la reserva de enmienda presentada por el Grupo Parlamentario Socialdem\u00f3crata fue rechazada y que el art\u00edculo fue aprobado dentro de la modificaci\u00f3n del C\u00f3digo Penal.<\/p>\n<p>La noticia parlamentaria no reproduce la redacci\u00f3n completa del art\u00edculo ni explica sus efectos jur\u00eddicos detallados. Por eso, no es posible atribuirle cambios concretos a partir de la informaci\u00f3n disponible. Para conocer el alcance exacto hay que consultar el texto legal publicado oficialmente y, cuando sea necesario, pedir asesoramiento a un profesional del derecho.<\/p>\n<p>Las cuestiones penales y los derechos fundamentales requieren un an\u00e1lisis individualizado. La situaci\u00f3n personal, la fecha de los hechos y la versi\u00f3n de la norma aplicable pueden cambiar las consecuencias jur\u00eddicas de un caso.<\/p>\n<h2>Por qu\u00e9 se modifica el C\u00f3digo Penal de Andorra en 2026<\/h2>\n<p>El motivo declarado es doble. Por un lado, Andorra busca reforzar la seguridad jur\u00eddica interna. Por otro, la reforma responde a compromisos internacionales asumidos mediante convenios de los que el Principado forma parte.<\/p>\n<p>La informaci\u00f3n publicada sobre esta sesi\u00f3n no permite concretar qu\u00e9 art\u00edculos responden a cada obligaci\u00f3n internacional. Una noticia sobre la aprobaci\u00f3n del proyecto no sustituye al texto definitivo de la ley.<\/p>\n<p>Para residentes, empresas, inversores y profesionales extranjeros, la reforma puede ser relevante si el texto definitivo modifica las obligaciones o responsabilidades aplicables a sus actividades. Cualquier revisi\u00f3n de contratos, protocolos internos o controles de cumplimiento debe hacerse a partir de la norma publicada.<\/p>\n<p>La modificaci\u00f3n del C\u00f3digo Penal se aprob\u00f3 junto con otras iniciativas tratadas en la misma sesi\u00f3n. Cada proyecto tiene un contenido y un calendario de aplicaci\u00f3n propios.<\/p>\n<h2>Otras leyes aprobadas en la misma sesi\u00f3n parlamentaria<\/h2>\n<p>El orden del d\u00eda incluy\u00f3 varias iniciativas adem\u00e1s de la modificaci\u00f3n del C\u00f3digo Penal. Estas son las principales decisiones recogidas en la informaci\u00f3n oficial:<\/p>\n<ul>\n<li><strong>Hidrocarburos:<\/strong> se aprob\u00f3 por asentimiento un proyecto de medidas temporales para reducir el impacto del incremento de los precios. Incluye una devoluci\u00f3n parcial del impuesto especial sobre esta materia y las medidas entraron en vigor el 15 de julio de 2026.<\/li>\n<li><strong>Centro Penitenciario:<\/strong> se aprob\u00f3 un cr\u00e9dito extraordinario para comprar una parcela de la finca Serrat Blanc y ampliar los espacios del centro con un m\u00f3dulo de salud mental.<\/li>\n<li><strong>Andorra y Austria:<\/strong> se ratific\u00f3 el convenio destinado a eliminar la doble imposici\u00f3n sobre la renta y el patrimonio, adem\u00e1s de prevenir la evasi\u00f3n y la elusi\u00f3n fiscales.<\/li>\n<li><strong>Blanqueo de capitales:<\/strong> Andorra se adhiri\u00f3 al Convenio del Consejo de Europa hecho en Varsovia el 16 de mayo de 2005, relativo al descubrimiento, embargo y confiscaci\u00f3n de productos del crimen y a la financiaci\u00f3n del terrorismo.<\/li>\n<li><strong>Sociedades inactivas:<\/strong> se aprob\u00f3 un procedimiento de disoluci\u00f3n administrativa sin liquidaci\u00f3n para sociedades mercantiles que no desarrollan una actividad operativa real.<\/li>\n<li><strong>Normas penitenciarias y penales:<\/strong> tambi\u00e9n se debati\u00f3 y aprob\u00f3 un proyecto de ley cualificada de modificaci\u00f3n de varias normas en el \u00e1mbito penitenciario y penal.<\/li>\n<\/ul>\n<h2>Qu\u00e9 implica para residentes, empresas e inversores extranjeros<\/h2>\n<p>La aprobaci\u00f3n del proyecto no permite afirmar por s\u00ed sola que hayan cambiado las normas fiscales de residencia ni los procedimientos de inmigraci\u00f3n, inversi\u00f3n o creaci\u00f3n de empresas. Quienes preparen su llegada al pa\u00eds deben consultar las normas espec\u00edficas aplicables a su situaci\u00f3n.<\/p>\n<p>Para una empresa ya operativa, la revisi\u00f3n de contratos, poderes, protocolos internos y controles sobre terceros tendr\u00e1 que hacerse cuando se conozca el texto publicado y su fecha de entrada en vigor.<\/p>\n<p>El procedimiento aprobado para las sociedades mercantiles inactivas puede ser relevante para quienes mantienen estructuras sin actividad real. Seg\u00fan la informaci\u00f3n oficial, su objetivo es evitar que sociedades vac\u00edas se beneficien indebidamente de la apariencia de seriedad y solvencia que proporciona su inscripci\u00f3n en el Registro de sociedades.<\/p>\n<p>La noticia no detalla nuevas obligaciones concretas derivadas de la adhesi\u00f3n al convenio internacional contra el blanqueo para cada tipo de empresa. Cualquier decisi\u00f3n debe basarse en la norma aplicable y en la situaci\u00f3n concreta de la sociedad.<\/p>\n<p>Los nuevos residentes y empresarios extranjeros pueden consultar la <a href=\"https:\/\/www.consellgeneral.ad\/\" target=\"_blank\" rel=\"noopener\">informaci\u00f3n institucional del Consell General<\/a> y solicitar asesoramiento profesional antes de firmar contratos o reorganizar una sociedad.<\/p>\n<h2>Qu\u00e9 pasos quedan despu\u00e9s de la aprobaci\u00f3n del C\u00f3digo Penal<\/h2>\n<p>La informaci\u00f3n de la sesi\u00f3n confirma la aprobaci\u00f3n parlamentaria del proyecto, pero no indica por s\u00ed sola la fecha de aplicaci\u00f3n de todas sus disposiciones. Para conocerla hay que consultar el texto definitivo y sus disposiciones finales.<\/p>\n<p>Tambi\u00e9n habr\u00e1 que revisar si la ley establece una fecha espec\u00edfica, un periodo de adaptaci\u00f3n o reglas para procedimientos iniciados antes de su entrada en vigor.<\/p>\n<p>Por esa raz\u00f3n, la respuesta a la pregunta \u201c\u00bfcu\u00e1ndo entra en vigor la modificaci\u00f3n del C\u00f3digo Penal?\u201d es: en la fecha que establezca el texto legal publicado oficialmente. La aprobaci\u00f3n parlamentaria del 15 de julio de 2026 no permite fijar por s\u00ed sola una fecha de aplicaci\u00f3n.<\/p>\n<h2>Conclusi\u00f3n: una reforma relevante para el marco jur\u00eddico de Andorra<\/h2>\n<p>El Consell General aprob\u00f3 la modificaci\u00f3n del C\u00f3digo Penal durante la sesi\u00f3n de los d\u00edas 14 y 15 de julio de 2026. El art\u00edculo 117, relativo al aborto consentido, se debati\u00f3 de forma separada: la reserva de enmienda fue rechazada y el art\u00edculo qued\u00f3 aprobado junto con el resto del proyecto.<\/p>\n<p>La finalidad declarada es reforzar la seguridad jur\u00eddica y adaptar la legislaci\u00f3n a compromisos internacionales. El alcance real para residentes, empresas e inversores depender\u00e1 del texto definitivo, de su publicaci\u00f3n y de la fecha en la que entre en vigor.<\/p>\n<p>Vivir, invertir o crear una empresa en Andorra exige consultar la normativa aplicable, adem\u00e1s de tener en cuenta las votaciones parlamentarias. <a href=\"https:\/\/andorrainsiders.com\/fr\/\" target=\"_blank\" rel=\"noopener\">Contacta con Andorra Insiders<\/a> para analizar c\u00f3mo las novedades legales pueden afectar a tu situaci\u00f3n y recibir orientaci\u00f3n profesional actualizada.<\/p>\n<h2>Questions fr\u00e9quentes<\/h2>\n<h3>\u00bfCu\u00e1ndo aprob\u00f3 Andorra la modificaci\u00f3n del C\u00f3digo Penal?<\/h3>\n<p>El proyecto se aprob\u00f3 durante la sesi\u00f3n del Consell General celebrada los d\u00edas 14 y 15 de julio de 2026. La votaci\u00f3n del texto completo obtuvo 24 votos a favor.<\/p>\n<h3>\u00bfQu\u00e9 pas\u00f3 con el art\u00edculo 117 del C\u00f3digo Penal de Andorra?<\/h3>\n<p>El art\u00edculo 117, relativo al aborto consentido, se aprob\u00f3 con 17 votos a favor y 8 en contra. La reserva de enmienda presentada por el Grupo Parlamentario Socialdem\u00f3crata fue rechazada con 3 votos a favor, 17 en contra y 4 abstenciones.<\/p>\n<h3>\u00bfPor qu\u00e9 se ha modificado el C\u00f3digo Penal andorrano?<\/h3>\n<p>Seg\u00fan la informaci\u00f3n del Consell General, la reforma responde a exigencias de seguridad jur\u00eddica y a compromisos internacionales derivados de convenios de los que Andorra forma parte.<\/p>\n<h3>\u00bfLa reforma del C\u00f3digo Penal ya est\u00e1 en vigor?<\/h3>\n<p>La fecha debe consultarse en el texto publicado oficialmente y en sus disposiciones finales. La aprobaci\u00f3n parlamentaria no implica necesariamente una aplicaci\u00f3n inmediata.<\/p>\n<h3>\u00bfLa reforma afecta a los extranjeros que viven en Andorra?<\/h3>\n<p>El marco penal andorrano puede afectar a cualquier persona o empresa sometida a la legislaci\u00f3n del pa\u00eds, pero el impacto concreto depende de cada situaci\u00f3n. Residentes y empresarios extranjeros deber\u00edan revisar la norma vigente con asesoramiento jur\u00eddico.<\/p>\n<p><script type=\"application\/ld+json\">{\n    \"@context\": \"https:\\\/\\\/schema.org\",\n    \"@type\": \"FAQPage\",\n    \"mainEntity\": [\n        {\n            \"@type\": \"Question\",\n            \"name\": \"\\u00bfCu\\u00e1ndo aprob\\u00f3 Andorra la modificaci\\u00f3n del C\\u00f3digo Penal?\",\n            \"acceptedAnswer\": {\n                \"@type\": \"Answer\",\n                \"text\": \"El proyecto se aprob\\u00f3 durante la sesi\\u00f3n del Consell General celebrada los d\\u00edas 14 y 15 de julio de 2026. La votaci\\u00f3n del texto completo obtuvo 24 votos a favor.\"\n            }\n        },\n        {\n            \"@type\": \"Question\",\n            \"name\": \"\\u00bfQu\\u00e9 pas\\u00f3 con el art\\u00edculo 117 del C\\u00f3digo Penal de Andorra?\",\n            \"acceptedAnswer\": {\n                \"@type\": \"Answer\",\n                \"text\": \"El art\\u00edculo 117, relativo al aborto consentido, se aprob\\u00f3 con 17 votos a favor y 8 en contra. La reserva de enmienda presentada por el Grupo Parlamentario Socialdem\\u00f3crata fue rechazada con 3 votos a favor, 17 en contra y 4 abstenciones.\"\n            }\n        },\n        {\n            \"@type\": \"Question\",\n            \"name\": \"\\u00bfPor qu\\u00e9 se ha modificado el C\\u00f3digo Penal andorrano?\",\n            \"acceptedAnswer\": {\n                \"@type\": \"Answer\",\n                \"text\": \"Seg\\u00fan la informaci\\u00f3n del Consell General, la reforma responde a exigencias de seguridad jur\\u00eddica y a compromisos internacionales derivados de convenios de los que Andorra forma parte.\"\n            }\n        },\n        {\n            \"@type\": \"Question\",\n            \"name\": \"\\u00bfLa reforma del C\\u00f3digo Penal ya est\\u00e1 en vigor?\",\n            \"acceptedAnswer\": {\n                \"@type\": \"Answer\",\n                \"text\": \"La fecha debe confirmarse en el texto publicado oficialmente y en sus disposiciones finales. La aprobaci\\u00f3n parlamentaria no implica necesariamente una aplicaci\\u00f3n inmediata.\"\n            }\n        },\n        {\n            \"@type\": \"Question\",\n            \"name\": \"\\u00bfLa reforma afecta a los extranjeros que viven en Andorra?\",\n            \"acceptedAnswer\": {\n                \"@type\": \"Answer\",\n                \"text\": \"El marco penal andorrano puede afectar a cualquier persona o empresa sometida a la legislaci\\u00f3n del pa\\u00eds, pero el impacto concreto depende de cada situaci\\u00f3n. Residentes y empresarios extranjeros deber\\u00edan revisar la norma vigente con asesoramiento jur\\u00eddico.\"\n            }\n        }\n    ]\n}<\/script><\/p>\n<h2>Sources<\/h2>\n<ul>\n<li><a href=\"https:\/\/www.consellgeneral.ad\/\" target=\"_blank\" rel=\"noopener\">Consell General de Andorra<\/a>, informaci\u00f3n oficial de la sesi\u00f3n parlamentaria del 14 y 15 de julio de 2026.<\/li>\n<li><a href=\"https:\/\/www.bopa.ad\/\" target=\"_blank\" rel=\"noopener\">Journal officiel de la Principaut\u00e9 d&#039;Andorre<\/a>, para consultar la publicaci\u00f3n oficial y la entrada en vigor del texto definitivo.<\/li>\n<\/ul>","protected":false},"excerpt":{"rendered":"<p>El Consell General aprob\u00f3 el Proyecto de ley cualificada de modificaci\u00f3n del C\u00f3digo Penal durante la sesi\u00f3n celebrada los d\u00edas 14 y 15 de julio de 2026. La aplicaci\u00f3n de sus disposiciones depender\u00e1 del texto legal definitivo y de lo que establezca sobre su entrada en vigor. Datos clave La sesi\u00f3n parlamentaria se celebr\u00f3 los &#8230; <a title=\"Code p\u00e9nal andorran de 2026\u00a0: Points cl\u00e9s et vote\" class=\"read-more\" href=\"https:\/\/andorrainsiders.com\/fr\/modificacion-codigo-penal-andorra-2026\/\" aria-label=\"En savoir plus sur C\u00f3digo Penal de Andorra 2026: claves y votaci\u00f3n\">lire la suite<\/a><\/p>","protected":false},"author":1,"featured_media":0,"comment_status":"open","ping_status":"closed","sticky":false,"template":"","format":"standard","meta":{"footnotes":""},"categories":[],"tags":[1032,1028,1031,1029,1030],"class_list":["post-11315","post","type-post","status-publish","format-standard","hentry","tag-articulo-117","tag-codigo-penal-de-andorra","tag-consell-general-de-andorra","tag-modificacion-codigo-penal-2026","tag-reforma-penal-andorrana"],"_links":{"self":[{"href":"https:\/\/andorrainsiders.com\/fr\/wp-json\/wp\/v2\/posts\/11315","targetHints":{"allow":["GET"]}}],"collection":[{"href":"https:\/\/andorrainsiders.com\/fr\/wp-json\/wp\/v2\/posts"}],"about":[{"href":"https:\/\/andorrainsiders.com\/fr\/wp-json\/wp\/v2\/types\/post"}],"author":[{"embeddable":true,"href":"https:\/\/andorrainsiders.com\/fr\/wp-json\/wp\/v2\/users\/1"}],"replies":[{"embeddable":true,"href":"https:\/\/andorrainsiders.com\/fr\/wp-json\/wp\/v2\/comments?post=11315"}],"version-history":[{"count":0,"href":"https:\/\/andorrainsiders.com\/fr\/wp-json\/wp\/v2\/posts\/11315\/revisions"}],"wp:attachment":[{"href":"https:\/\/andorrainsiders.com\/fr\/wp-json\/wp\/v2\/media?parent=11315"}],"wp:term":[{"taxonomy":"category","embeddable":true,"href":"https:\/\/andorrainsiders.com\/fr\/wp-json\/wp\/v2\/categories?post=11315"},{"taxonomy":"post_tag","embeddable":true,"href":"https:\/\/andorrainsiders.com\/fr\/wp-json\/wp\/v2\/tags?post=11315"}],"curies":[{"name":"wp","href":"https:\/\/api.w.org\/{rel}","templated":true}]}}