{"id":1346,"date":"2020-03-19T22:32:49","date_gmt":"2020-03-19T21:32:49","guid":{"rendered":"https:\/\/andorrainsiders.com\/?p=1346"},"modified":"2024-02-07T21:11:32","modified_gmt":"2024-02-07T20:11:32","slug":"educacion-en-andorra-sistema-educativo","status":"publish","type":"post","link":"https:\/\/andorrainsiders.com\/ca\/educacio-en-andorra-sistema-educatiu\/","title":{"rendered":"L&#039;educaci\u00f3 a Andorra: 3 sistemes p\u00fablics"},"content":{"rendered":"<p>Al pensar sobre establir-se en un pa\u00eds diferent com \u00e9s Andorra per <a href=\"https:\/\/andorrainsiders.com\/ca\/avantatges-informacio-fiscal-andorra\/\" class=\"rank-math-link\">aprofitar tots els seus avantatges<\/a>, <strong>l&#039;educaci\u00f3 no \u00e9s un tema intranscendent<\/strong>. Especialment si el canvi de pa\u00eds \u00e9s en fam\u00edlia o inclou nens o menors, ja que saber qu\u00e8, on i com estudiaran els fills \u00e9s m\u00e9s primordial que la pr\u00f2pia educaci\u00f3 personal d&#039;un. Dubtes com l&#039;idioma d&#039;estudi i les possibilitats i oportunitats que ofereix un sistema educatiu diferent per un tutor legal solen ser freq\u00fcents. Per solucionar-en aquest article anem a abordar l&#039;educaci\u00f3 a Andorra.<\/p>\n\n\n\n<p>El sistema educatiu andorr\u00e0 \u00e9s for\u00e7a complex, ja que en estar el Principat als Pirineus entre Fran\u00e7a i Espanya i <a class=\"rank-math-link\" href=\"https:\/\/andorrainsiders.com\/ca\/andorra-transormacion-obertura-internacional\/\">haver acollit hist\u00f2ricament a gent de diverses nacionalitats<\/a>, Aix\u00f2 s'ha transm\u00e8s a les institucions tamb\u00e9, en aquest cas a les educatives. Aix\u00f2 ha implicat que <strong>el sistema educatiu sigui variat i flexible<\/strong>, Amb gran llibertat per triar i molt complet.<\/p>\n\n\n<div class=\"wp-block-image\">\n<figure class=\"aligncenter size-full\"><img fetchpriority=\"high\" decoding=\"async\" width=\"640\" height=\"360\" src=\"https:\/\/andorrainsiders.com\/wp-content\/uploads\/2022\/03\/educacion-andorra-2.jpg\" alt=\"Els tres sistemes educatius d&#039;Andorra\" class=\"wp-image-5658\" srcset=\"https:\/\/andorrainsiders.com\/wp-content\/uploads\/2022\/03\/educacion-andorra-2.jpg 640w, https:\/\/andorrainsiders.com\/wp-content\/uploads\/2022\/03\/educacion-andorra-2-300x169.jpg 300w, https:\/\/andorrainsiders.com\/wp-content\/uploads\/2022\/03\/educacion-andorra-2-18x10.jpg 18w\" sizes=\"(max-width: 640px) 100vw, 640px\" \/><\/figure>\n<\/div>\n\n\n<p>De fet, si anem parlar (o escriure) sobre l&#039;educaci\u00f3 a Andorra haur\u00edem de parlar dels <strong>sistemes educatius andorrans, en plural<\/strong>. Perqu\u00e8 hi ha concretament tres: el <a href=\"https:\/\/www.educacio.ad\/sistema-educatiu-frances\" class=\"rank-math-link\" target=\"_blank\" rel=\"noopener\">sistema educatiu franc\u00e8s.<\/a>, el <a href=\"https:\/\/www.educacio.ad\/sistema-educatiu-espanyol\" class=\"rank-math-link\" target=\"_blank\" rel=\"noopener\">sistema educatiu espanyol<\/a> i el <a href=\"https:\/\/www.educacio.ad\/sistema-educatiu-andorra\" class=\"rank-math-link\" target=\"_blank\" rel=\"noopener\">sistema educatiu andorr\u00e0<\/a>.<\/p>\n\n\n\n<p>Fins i tot podr\u00edem parlar de quatre si incloem el&nbsp;<a href=\"https:\/\/britishcollegeandorra.com\/es_ES\" target=\"_blank\" rel=\"noopener\">British College of Andorra<\/a>. Encara que a el sistema angl\u00e8s nom\u00e9s es pot accedir a trav\u00e9s d'aquest col\u00b7legi privat, pot ser <strong>una opci\u00f3 molt interessant per a emigrants anglesos<\/strong> o d'un altre pa\u00eds que no vulguin adscriure a cap dels tres sistemes p\u00fablics. Per\u00f2 abans, vegem una mica d'hist\u00f2ria.<\/p>\n\n\n\n<h2 class=\"wp-block-heading\">Context Hist\u00f2ric<\/h2>\n\n\n\n<p>Fins al&nbsp;<a href=\"https:\/\/es.wikipedia.org\/wiki\/Siglo_XX\" target=\"_blank\" rel=\"noopener\">segle XX<\/a>, El Principat va ser un territori molt a\u00efllat, rural, amb condicions de vida molt dures i un r\u00e8gim pol\u00edtic de cort feudal amb institucions i lleis m\u00e9s aviat pr\u00f2pies de l'Edat Mitjana. <\/p>\n\n\n\n<p>No obstant aix\u00f2, el 1866, un noble i ric propietari andorr\u00e0, Guillem d&#039;Areny i Plandolit, va encap\u00e7alar una reforma a les institucions de govern, la Nova Reforma, que va permetre una limitada participaci\u00f3 dels caps de fam\u00edlia al govern del pa\u00eds. Aquesta reforma va ser acceptada pel bisbe d&#039;Urgell el 1866 i el 1869 per Napole\u00f3 III (copr\u00edncep) i es va compondre el Consell General, amb 24 consellers elegits pels s\u00edndics.<\/p>\n\n\n\n<p>Aquesta reforma va propiciar la <strong>aparici\u00f3 de les primeres escoles confessionals i congregacionals<\/strong>, Entre les quals destaca la de Canillo en 1880. Aquestes escoles van ser espanyoles, i van ser l&#039;origen de les escoles que van dependre per primera vegada de el Ministeri d&#039;Educaci\u00f3 d&#039;Espanya a partir de 1930. <\/p>\n\n\n\n<p>Pel fet que Andorra tradicionalment sempre ha estat un pa\u00eds receptor d&#039;emigrants, aviat aquestes escoles no van ser suficient ia partir de <strong>1900 es van comen\u00e7ar a obrir les primeres escoles franceses<\/strong>. La situaci\u00f3 jur\u00eddica d&#039;aquestes escoles franceses es va regular el 1982 amb la promulgaci\u00f3 de Decret sobre les escoles i el Liceu de l&#039;Copr\u00edncep Franc\u00e8s al Principat.<\/p>\n\n\n\n<p>Trenta anys despr\u00e9s, en <strong>1930, es creen les primeres escoles espanyoles laiques<\/strong>  i durant 1960 i 1970 es modernitzen les escoles anteriors. El 1972, es detecta la necessitat de preservar la identitat i les peculiaritats de pa\u00eds en la seva educaci\u00f3. Aix\u00ed que es posa en marxa un programa de Formaci\u00f3 Andorrana en els sistemes educatius forans mitjan\u00e7ant l&#039;ensenyament de la llengua catalana i de la hist\u00f2ria, la geografia i les institucions d&#039;Andorra.<\/p>\n\n\n\n<p>Aquesta formaci\u00f3 culminaria <strong>deu anys m\u00e9s tard en el sistema educatiu andorr\u00e0<\/strong>, L&#039;Escola Andorrana, amb una s\u00e8rie de legislaci\u00f3 sobre les escoles com el Decret sobre les escoles. A m\u00e9s, es regula la situaci\u00f3 de les escoles franceses. Finalment el 1993 es regula la situaci\u00f3 de les escoles espanyoles, amb el Conveni hispanoandorr\u00e0 de mat\u00e8ria educativa, signat el 11 de gener.<\/p>\n\n\n\n<p>Des de 1993 l'oferta escolar ha seguit augmentant en tots els \u00e0mbits fins al punt que actualment hi ha fins i tot una associaci\u00f3 d'altes capacitats, amb nom <a href=\"https:\/\/www.educacio.ad\/associacio-d-altes-capacitats-d-andorra\" class=\"rank-math-link\" target=\"_blank\" rel=\"noopener\">Zebra4<\/a>, Dedicada a atendre aquells nens amb talent extraordinari o superdotats.<\/p>\n\n\n\n<h2 class=\"wp-block-heading\">Condicions comunes<\/h2>\n\n\n\n<p>Si b\u00e9 els tres sistemes educatius s\u00f3n diferents, tots comparteixen una s\u00e8rie de <strong>punts m\u00ednims<\/strong>:<\/p>\n\n\n\n<ul class=\"wp-block-list\">\n<li>Les compet\u00e8ncies estan centralitzades en el Ministeri d'Educaci\u00f3, Joventut i Esport andorr\u00e0 amb tres secretaris d'Estat.<\/li>\n\n\n\n<li>Tots els sistemes es regeixen per la Llei qualificada d'educaci\u00f3 (BOPA 51, setembre de 1993) i per la Llei d'ordenament de el sistema educatiu andorr\u00e0 (BOPA 48, juliol de 1994), encara que existeixen convenis amb Espanya, Fran\u00e7a i Portugal.<\/li>\n\n\n\n<li>L'educaci\u00f3 obligat\u00f2ria compr\u00e8n la Primera ensenyament i la Segona ensenyament, i va des dels 6 als 16 anys.<\/li>\n\n\n\n<li>L'educaci\u00f3 volunt\u00e0ria \u00e9s l'Educaci\u00f3 Maternal (als 3 anys) i el Batxillerat la Formaci\u00f3 Professional (16 a 18 anys), i l'educaci\u00f3 universit\u00e0ria (postobligatori).<\/li>\n\n\n\n<li>L'ensenyament reglat compr\u00e8n l'Educaci\u00f3 Maternal, la Primera i Segona ensenyament, el Batxillerat, li Formaci\u00f3 Professional i l'Educaci\u00f3 Universit\u00e0ria.<\/li>\n\n\n\n<li>Exceptuant els centres privats, tots els sistemes educatius s\u00f3n gratu\u00efts.<\/li>\n\n\n\n<li>Hi ha transport escolar, <a class=\"rank-math-link\" href=\"https:\/\/www.educacio.ad\/transport-escolar\" target=\"_blank\" rel=\"noopener\">el proveeix el govern d'Andorra<\/a>.<\/li>\n\n\n\n<li>L'esqu\u00ed \u00e9s una activitat obligat\u00f2ria en tots els sistemes educatius durant l'ensenyament primari, sota l'etiqueta \u00ab<a class=\"rank-math-link\" href=\"https:\/\/www.educacio.ad\/esqui-escolar\" target=\"_blank\" rel=\"noopener\">esqu\u00ed escolar<\/a>\u00bbI com a part de l'\u00e0rea d'educaci\u00f3 f\u00edsica, a l'\u00e9sser Principat un pa\u00eds de neu.<\/li>\n<\/ul>\n\n\n\n<p>Dit aix\u00f2, anem a repassar els diferents sistemes educatius andorrans.<\/p>\n\n\n\n<h2 class=\"wp-block-heading\">Sistema educatiu espanyol<\/h2>\n\n\n<div class=\"wp-block-image\">\n<figure class=\"aligncenter size-full\"><img decoding=\"async\" width=\"640\" height=\"360\" src=\"https:\/\/andorrainsiders.com\/wp-content\/uploads\/2022\/03\/colegio-sant-ermengol-andorra.jpg\" alt=\"El Col\u00b7legi Sant Ermengol d&#039;Andorra, referent de l&#039;educaci\u00f3\" class=\"wp-image-5659\" srcset=\"https:\/\/andorrainsiders.com\/wp-content\/uploads\/2022\/03\/colegio-sant-ermengol-andorra.jpg 640w, https:\/\/andorrainsiders.com\/wp-content\/uploads\/2022\/03\/colegio-sant-ermengol-andorra-300x169.jpg 300w, https:\/\/andorrainsiders.com\/wp-content\/uploads\/2022\/03\/colegio-sant-ermengol-andorra-18x10.jpg 18w\" sizes=\"(max-width: 640px) 100vw, 640px\" \/><figcaption class=\"wp-element-caption\">Col\u00b7legi Sant Ermengol, Andorra<\/figcaption><\/figure>\n<\/div>\n\n\n<ul class=\"wp-block-list\">\n<li>Dep\u00e8n de el Ministeri d'Educaci\u00f3 espanyol, representat des de 1993 per la <a href=\"https:\/\/www.educacionyfp.gob.es\/andorra\/portada.html\" class=\"rank-math-link\" target=\"_blank\" rel=\"noopener\">Conselleria d'Educaci\u00f3 d'Espanya a Andorra<\/a>, adscrita a l'Ambaixada d'Espanya, amb Assessoria T\u00e8cnica i situada a Andorra la Vella.<\/li>\n\n\n\n<li>Es promocionen la llengua i la cultura, aix\u00ed com la hist\u00f2ria i la geografia, espanyoles.<\/li>\n\n\n\n<li>L'idioma base de el sistema educatiu espanyol \u00e9s el catal\u00e0, que \u00e9s l'idioma oficial de pa\u00eds. No obstant aix\u00f2 l'espanyol i el franc\u00e8s no nom\u00e9s s'ensenyen sin\u00f3 que es consideren lleng\u00fces vehiculars en l'educaci\u00f3 i ho s\u00f3n en moltes mat\u00e8ries al llarg de l'ensenyament.<\/li>\n\n\n\n<li>el Col\u00b7legi <a href=\"http:\/\/mariamoliner.educalab.es\/\" class=\"rank-math-link\" target=\"_blank\" rel=\"noopener\">Mar\u00eda Moliner<\/a>, Que abasta l&#039;Escola espanyola (maternal i primera ensenyan\u00e7a) i l&#039;institut espanyol (segon ensenyament i batxillerat), est\u00e0 subvencionat pel govern d&#039;Espanya i \u00e9s laic.<\/li>\n\n\n\n<li>Els col\u00b7legis <a href=\"http:\/\/www.marejaner.ad\" class=\"rank-math-link\" target=\"_blank\" rel=\"noopener\">Mare Janer<\/a>, <a href=\"http:\/\/see.xena.ad\/sterme\/\" class=\"rank-math-link\" target=\"_blank\" rel=\"noopener\">Sant Ermengol<\/a>, i <a href=\"http:\/\/www.safaescaldes.ad\" class=\"rank-math-link\" target=\"_blank\" rel=\"noopener\">Sagrada Fam\u00edlia<\/a> s\u00f3n confessionals i estan subvencionats pel govern andorr\u00e0, tot i que segueixen el sistema educatiu espanyol.<\/li>\n\n\n\n<li>El Col\u00b7legi Privat de Pirineu, anomenat ara<a href=\"https:\/\/agorainternationalandorra.es\/\" class=\"rank-math-link\" target=\"_blank\" rel=\"noopener\"> \u00c0gora International School Andorra<\/a>, Segueix tamb\u00e9 el sistema educatiu espanyol encara que t\u00e9 un enfocament molt m\u00e9s internacional incloent tamb\u00e9 angl\u00e8s. Aix\u00f2 s\u00ed, aquest centre \u00e9s privat.<\/li>\n<\/ul>\n\n\n\n<h2 class=\"wp-block-heading\">Sistema Educatiu Andorr\u00e0<\/h2>\n\n\n\n<p>El sistema \u00e9s semblant a l'espanyol, nom\u00e9s que fa m\u00e9s \u00e8mfasi en el coneixement de el Principat en tots els seus aspectes.<\/p>\n\n\n\n<ul class=\"wp-block-list\">\n<li>Les compet\u00e8ncies estan centralitzades en el Ministeri d'Educaci\u00f3, Joventut i Esport andorr\u00e0 amb tres secretaris d'Estat, i el gestiona el <em><a href=\"https:\/\/www.educacio.ad\/consell-escoles\" class=\"rank-math-link\" target=\"_blank\" rel=\"noopener\">Consell de les Escoles<\/a><\/em>.<\/li>\n\n\n\n<li>Cerca entre d'altres promoure la identitat, valors, cultura, geografia, hist\u00f2ria, etc de Principat, i est\u00e0 basat en els drets, llibertats i principis establerts a la Constituci\u00f3 andorrana.<\/li>\n\n\n\n<li>Els centres d'educaci\u00f3 maternal i primera ensenyan\u00e7a s\u00f3n el de <a href=\"http:\/\/adcan.educand.ad\" class=\"rank-math-link\" target=\"_blank\" rel=\"noopener\">Canillo<\/a>, <a href=\"http:\/\/adenc.educand.ad\" class=\"rank-math-link\" target=\"_blank\" rel=\"noopener\">Encamp<\/a>, <a href=\"http:\/\/adpas.educand.ad\" class=\"rank-math-link\" target=\"_blank\" rel=\"noopener\">Pas de la Casa<\/a>, <a href=\"http:\/\/adord.educand.ad\" class=\"rank-math-link\" target=\"_blank\" rel=\"noopener\">Ordino<\/a>, <a class=\"rank-math-link rank-math-link\" href=\"https:\/\/www.educand.ad\/admas\/\" target=\"_blank\" rel=\"noopener\">La Massana<\/a>, <a href=\"http:\/\/adsju.educand.ad\" class=\"rank-math-link\" target=\"_blank\" rel=\"noopener\">Sant Juli\u00e0 de L\u00f2ria<\/a>, <a href=\"http:\/\/adesc.educand.ad\" class=\"rank-math-link\" target=\"_blank\" rel=\"noopener\">Escaldes-Engordany<\/a> i com no el de <a href=\"http:\/\/adeaav.educand.ad\" class=\"rank-math-link\" target=\"_blank\" rel=\"noopener\">Andorra la Vella<\/a>, La capital de pa\u00eds. Com veiem, un col\u00b7legi per cadascuna de <a href=\"https:\/\/andorrainsiders.com\/ca\/les-7-parroquies-principat-de-andorra\/\" class=\"rank-math-link\">les set parr\u00f2quies d'Andorra<\/a>.<\/li>\n\n\n\n<li>Els centres de segon ensenyament s\u00f3n el de <a href=\"http:\/\/ad2eenc.educand.ad\" class=\"rank-math-link\" target=\"_blank\" rel=\"noopener\">Encamp<\/a>, El de <a href=\"https:\/\/www.educand.ad\/ad2eord\/\" class=\"rank-math-link\" target=\"_blank\" rel=\"noopener\">Ordino<\/a> i el de <a href=\"https:\/\/www.educacio.ad\/sistema-educatiu-andorra\" class=\"rank-math-link\" target=\"_blank\" rel=\"noopener\">Santa Coloma<\/a>, I el de batxillerat el de <a href=\"http:\/\/adbatx.educand.ad\" class=\"rank-math-link\" target=\"_blank\" rel=\"noopener\">Andorra la Vella<\/a>.<\/li>\n\n\n\n<li>Tots aquests centres junts formen l'anomenada Escola Andorrana.<\/li>\n\n\n\n<li>L'idioma base \u00e9s, \u00f2bviament, el catal\u00e0.<\/li>\n<\/ul>\n\n\n\n<h2 class=\"wp-block-heading\">Sistema Educatiu Franc\u00e8s<\/h2>\n\n\n\n<ul class=\"wp-block-list\">\n<li>Respon a un conveni entre el Govern de el Principat d'Andorra i el Govern de la Rep\u00fablica Francesa en l'\u00e0mbit de l'ensenyament, signat el 2004.<\/li>\n\n\n\n<li>Est\u00e0 finan\u00e7at i subvencionat totalment pel govern franc\u00e8s.<\/li>\n\n\n\n<li>Dep\u00e8n de les autoritats educatives franceses, i segueix el seu curr\u00edculum.<\/li>\n\n\n\n<li>L'idioma base i vehicular \u00e9s, \u00f2bviament, el franc\u00e8s.<\/li>\n\n\n\n<li>Existeixen nombrosos centres, tant d'educaci\u00f3 maternal, com prim\u00e0ria i secund\u00e0ria. Aix\u00ed, hi ha dos centres d'escola maternal i elemental, el de <a href=\"http:\/\/sef.xena.ad\/frmand\/\" class=\"rank-math-link\" target=\"_blank\" rel=\"noopener\">Andorra la Vella<\/a> i el de <a href=\"https:\/\/www.educand.ad\/frmesc\/\" class=\"rank-math-link\" target=\"_blank\" rel=\"noopener\">Escaldes-Engordany<\/a>, I set col\u00b7legis d'educaci\u00f3 prim\u00e0ria: <a href=\"http:\/\/sef.xena.ad\/frpenc\/\" class=\"rank-math-link\" target=\"_blank\" rel=\"noopener\">Encamp<\/a>, <a href=\"https:\/\/www.educand.ad\/frsco\/\" class=\"rank-math-link\" target=\"_blank\" rel=\"noopener\">Santa Coloma<\/a>, <a href=\"http:\/\/sef.xena.ad\/frpsju\/\" class=\"rank-math-link\" target=\"_blank\" rel=\"noopener\">Sant Juli\u00e0 de L\u00f2ria<\/a>, <a href=\"http:\/\/ecolemassana.e-monsite.com\" class=\"rank-math-link\" target=\"_blank\" rel=\"noopener\">La Massana<\/a>, <a href=\"http:\/\/sef.xena.ad\/frord\/\" class=\"rank-math-link\" target=\"_blank\" rel=\"noopener\">Ordino<\/a>, <a href=\"https:\/\/frcan4.wixsite.com\/ecolefrcanillo\" class=\"rank-math-link\" target=\"_blank\" rel=\"noopener\">Canillo<\/a> i <a href=\"http:\/\/sef.xena.ad\/frpas\/\" class=\"rank-math-link\" target=\"_blank\" rel=\"noopener\">Pas de la Casa<\/a>. Tamb\u00e9 hi ha el <a href=\"https:\/\/www.lcf-andorre.fr\" class=\"rank-math-link\" target=\"_blank\" rel=\"noopener\">Lyc\u00e9e Comte de Foix<\/a> (Veure el funcionament de l' <a href=\"https:\/\/es.wikipedia.org\/wiki\/Sistema_educativo_de_Francia\" class=\"rank-math-link\" target=\"_blank\" rel=\"noopener\">sistema educatiu franc\u00e8s.<\/a>).<\/li>\n<\/ul>\n\n\n\n<p>Aix\u00ed doncs, <strong>l&#039;oferta escolar d&#039;Andorra \u00e9s molt variada i completa<\/strong>. Pel que fa als alumnes, perqu\u00e8 ens fem una idea, en el curs 2016-2017 el 28% dels estudiants estaven en el sistema educatiu espanyol, el 39% a l&#039;andorr\u00e0 i el 33% en el franc\u00e8s.<\/p>\n\n\n\n<h2 class=\"wp-block-heading\">Universitat a Andorra<\/h2>\n\n\n\n<p>Si b\u00e9 l&#039;educaci\u00f3 prim\u00e0ria i secund\u00e0ria \u00e9s molt flexible i avan\u00e7ada, multiling\u00fce i obre el cam\u00ed cap a una varietat immensa d&#039;oportunitats (permeten optar a estudis terciaris tant de l&#039;propi pa\u00eds, com d&#039;Espanya i Fran\u00e7a), <strong>l&#039;educaci\u00f3 superior a Andorra \u00e9s molt complicada<\/strong>. El Principat nom\u00e9s t\u00e9 la <a href=\"https:\/\/www.uda.ad\/\" class=\"rank-math-link\" target=\"_blank\" rel=\"noopener\">Universitat d'Andorra<\/a> inaugurada el 1997 i ofereix molt poques sortides, el que porta als estudiants que volen estudiar una carrera millor reconeguda internacionalment a sortir de el pa\u00eds i dirigir-se a Espanya o Fran\u00e7a.<\/p>\n\n\n<div class=\"wp-block-image\">\n<figure class=\"aligncenter size-full\"><img decoding=\"async\" src=\"https:\/\/andorrainsiders.com\/wp-content\/uploads\/2022\/03\/universitat-andorra.jpg\" alt=\"universitat d&#039;Andorra, educaci\u00f3 terci\u00e0ria al pa\u00eds.\" class=\"wp-image-5662\"\/><\/figure>\n<\/div>\n\n\n<p><strong>No obstant aix\u00f2, tot i ser una universitat molt jove, evoluciona molt r\u00e0pid<\/strong>, s&#039;est\u00e0 obrint internacionalment i t\u00e9 unes xifres m\u00e9s que acceptables. Per exemple, el 2018 l&#039;Ag\u00e8ncia de Qualitat d&#039;Educaci\u00f3 Superior d&#039;Andorra (Ag\u00e8ncia de Qualitat de l&#039;Ensenyament Superior, AQUA) va fer un estudi d&#039;inserci\u00f3 laboral de la universitat i va resultar que <a href=\"https:\/\/www.lavanguardia.com\/vida\/20181119\/453050286875\/mas-del-90-de-alumnos-de-la-universitat-dandorra-encuentran-trabajo-segun-una-encuesta.html\" class=\"rank-math-link\" target=\"_blank\" rel=\"noopener\">m\u00e9s de l&#039;90% dels titulats troben feina<\/a> abans d&#039;acabar els estudis o durant el primer mes de cerca.<\/p>\n\n\n\n<p>Les carreres que ofereix la Universitat d'Andorra (UdA) s\u00f3n Administraci\u00f3 i Direcci\u00f3 D'empreses, Humanitats, Dret, Infermeria, Inform\u00e0tica, Magisteri, Comunicaci\u00f3 i Llengua. De totes elles les 4 primeres s'ofereixen presencialment, mentre que les restants s\u00f3n virtuals i en col\u00b7laboraci\u00f3 amb altres universitats. A m\u00e9s compta amb diversos m\u00e0sters i altres postgraus.<\/p>\n\n\n\n<p>Les titulacions de primer cicle universitari que s&#039;imparteixen a la Universitat d&#039;Andorra s\u00f3n <strong>bachelores de 180 cr\u00e8dits europeus, estructurats en tres anys acad\u00e8mics<\/strong>. Tots ells adaptats a les directrius de l&#039;Espai Europeu d&#039;Educaci\u00f3 Superior (EEES) i reconeguts en els pa\u00efsos que en formen part.<\/p>\n\n\n\n<p>A m\u00e9s, els preus de les matr\u00edcules s\u00f3n bastant assequibles, t\u00e9 el seu propi campus a Sant Juli\u00e0 de L\u00f2ria i pertany a nombroses institucions internacionals com l'Associaci\u00f3 d'Universitats Europees o l'Associaci\u00f3 Internacional d'Universitats.<\/p>\n\n\n\n<h3 class=\"wp-block-heading\">Actualitzaci\u00f3 2024<\/h3>\n\n\n\n<p>Per al 2024, <a href=\"https:\/\/www.altaveu.com\/actualitat\/educacio\/altra-universitat-virtual-aterra-andorra-ve-tenerife-seva-germana-gran-esta-mexic_55072_102.html\" target=\"_blank\" rel=\"noopener\">obrir\u00e0 les portes una nova universitat<\/a> a Andorra anomenada <a href=\"https:\/\/www.techtitute.com\/ad\/\" target=\"_blank\" rel=\"noopener\">Tech Global University<\/a>. Es tracta d&#039;una Universitat que prov\u00e9 de Tenerife i t\u00e9 altres filials germanes a M\u00e8xic. Es tracta d&#039;una universitat virtual, que a la seva seu principal disposa de m\u00e9s de 10.000 formacions on-line (si b\u00e9 nom\u00e9s uns quants centenars de titulacions oficials). <\/p>\n\n\n\n<h2 class=\"wp-block-heading\">Altres centres d'educaci\u00f3 terci\u00e0ria<\/h2>\n\n\n\n<p>A m\u00e9s de la Universitat, Andorra compta amb <strong>diversos centres d&#039;educaci\u00f3 terci\u00e0ria<\/strong>. Per exemple disposa d&#039;un <a class=\"rank-math-link\" href=\"http:\/\/cfp.educand.ad\" target=\"_blank\" rel=\"noopener\">centre de Formaci\u00f3 Professional<\/a> i un <a href=\"http:\/\/www.cflv.ad\/\" target=\"_blank\" rel=\"noopener\">Centre de Formaci\u00f3 d&#039;Adults<\/a> a Aixovall, l'acad\u00e8mia d'aviaci\u00f3 <a class=\"rank-math-link\" href=\"https:\/\/www.andorra-aviation.com\" target=\"_blank\" rel=\"noopener\">Andorra Aviation Academy<\/a> o <a class=\"rank-math-link\" href=\"https:\/\/www.vatel.ad\" target=\"_blank\" rel=\"noopener\">una filial de Vatel<\/a>, La prestigiosa escola internacional d'hoteleria i turisme considerada la millor de el m\u00f3n de el sector, amb un Bachelor i un MBA en Hoteleria Internacional.<\/p>\n\n\n\n<h2 class=\"wp-block-heading\">Conclusi\u00f3<\/h2>\n\n\n\n<p>En conclusi\u00f3, l&#039;educaci\u00f3 escolar a Andorra ofereix un <strong>ampli cat\u00e0leg de possibilitats a triar<\/strong>, \u00c9s molt flexible i avan\u00e7a a passos de gegant per internacionalitzar-se i aconseguir un gran prestigi. D&#039;altra banda, pel que fa a estudis terciaris, si b\u00e9 la Universitat d&#039;Andorra encara no ofereix molts graus, els que proporciona s\u00f3n homologats, reglamentats i de gran sortida laboral. <\/p>\n\n\n\n<p>A m\u00e9s, l'educaci\u00f3 terci\u00e0ria es complementa amb altres centres d'educaci\u00f3 terci\u00e0ria per a proveir de la m\u00e0xima varietat educativa possible a un pa\u00eds petit, per\u00f2 acollidor i amb grans aspiracions internacionals, <a href=\"https:\/\/andorrainsiders.com\/ca\/andorra-transormacion-obertura-internacional\/\" class=\"rank-math-link\">especialment des de l'\u00faltima d\u00e8cada de transformaci\u00f3<\/a> realitzats en aquest sentit.<\/p>\n\n\n\n<p>Finalment, recordem que si volen establir-se en aquest pa\u00eds fabul\u00f3s, el m\u00e9s recomanable \u00e9s fer-ho de la m\u00e0 de bons professionals, de manera segura, c\u00f2moda i despreocupada. <a class=\"rank-math-link\" href=\"https:\/\/andorrainsiders.com\/ca\/contacte-email-ubicacio\/\">Podeu contactar amb nosaltres i mudar-vos al pa\u00eds sense complicacions aqu\u00ed<\/a>. I poden llegir m\u00e9s informaci\u00f3 sobre el Principat a <a class=\"rank-math-link\" href=\"https:\/\/andorrainsiders.com\/ca\/bloc-articles-redaccions\/\">el nostre bloc<\/a>.<\/p>","protected":false},"excerpt":{"rendered":"<p>A l'pensar sobre establir-se en un pa\u00eds diferent com \u00e9s Andorra per aprofitar tots els seus avantatges, l'educaci\u00f3 no \u00e9s un tema intranscendent. Especialment si el canvi de pa\u00eds \u00e9s en fam\u00edlia o inclou nens o menors, ja que saber qu\u00e8, on i com estudiaran els fills \u00e9s m\u00e9s primordial que la pr\u00f2pia educaci\u00f3 personal &amp; # 8230; <a title=\"L&#039;educaci\u00f3 a Andorra: 3 sistemes p\u00fablics\" class=\"read-more\" href=\"https:\/\/andorrainsiders.com\/ca\/educacio-en-andorra-sistema-educatiu\/\" aria-label=\"M\u00e9s informaci\u00f3 sobre L&#039;educaci\u00f3 a Andorra: 3 sistemes p\u00fablics\">Llegiu m\u00e9s<\/a><\/p>","protected":false},"author":1,"featured_media":5656,"comment_status":"open","ping_status":"closed","sticky":false,"template":"","format":"standard","meta":{"footnotes":""},"categories":[1],"tags":[],"class_list":["post-1346","post","type-post","status-publish","format-standard","has-post-thumbnail","hentry","category-sin-categoria"],"_links":{"self":[{"href":"https:\/\/andorrainsiders.com\/ca\/wp-json\/wp\/v2\/posts\/1346","targetHints":{"allow":["GET"]}}],"collection":[{"href":"https:\/\/andorrainsiders.com\/ca\/wp-json\/wp\/v2\/posts"}],"about":[{"href":"https:\/\/andorrainsiders.com\/ca\/wp-json\/wp\/v2\/types\/post"}],"author":[{"embeddable":true,"href":"https:\/\/andorrainsiders.com\/ca\/wp-json\/wp\/v2\/users\/1"}],"replies":[{"embeddable":true,"href":"https:\/\/andorrainsiders.com\/ca\/wp-json\/wp\/v2\/comments?post=1346"}],"version-history":[{"count":3,"href":"https:\/\/andorrainsiders.com\/ca\/wp-json\/wp\/v2\/posts\/1346\/revisions"}],"predecessor-version":[{"id":8134,"href":"https:\/\/andorrainsiders.com\/ca\/wp-json\/wp\/v2\/posts\/1346\/revisions\/8134"}],"wp:featuredmedia":[{"embeddable":true,"href":"https:\/\/andorrainsiders.com\/ca\/wp-json\/wp\/v2\/media\/5656"}],"wp:attachment":[{"href":"https:\/\/andorrainsiders.com\/ca\/wp-json\/wp\/v2\/media?parent=1346"}],"wp:term":[{"taxonomy":"category","embeddable":true,"href":"https:\/\/andorrainsiders.com\/ca\/wp-json\/wp\/v2\/categories?post=1346"},{"taxonomy":"post_tag","embeddable":true,"href":"https:\/\/andorrainsiders.com\/ca\/wp-json\/wp\/v2\/tags?post=1346"}],"curies":[{"name":"wp","href":"https:\/\/api.w.org\/{rel}","templated":true}]}}