{"id":11314,"date":"2026-08-31T17:43:12","date_gmt":"2026-08-31T15:43:12","guid":{"rendered":"https:\/\/andorrainsiders.com\/requisitos-linguisticos-medicos-andorra\/"},"modified":"2026-08-31T17:43:12","modified_gmt":"2026-08-31T15:43:12","slug":"requisitos-linguisticos-medicos-andorra","status":"publish","type":"post","link":"https:\/\/andorrainsiders.com\/ca\/requisits-linguistics-medics-andorra\/","title":{"rendered":"Requisits ling\u00fc\u00edstics per a metges a Andorra"},"content":{"rendered":"<p>Andorra ha flexibilitzat l&#039;exig\u00e8ncia del catal\u00e0 per incorporar metges davant de la manca de professionals sanitaris. El Govern va anunciar la mesura el novembre del 2025, amb l&#039;objectiu de facilitar l&#039;arribada de personal m\u00e8dic al pa\u00eds.<\/p>\n<p>Per a un metge estranger, aquest canvi pot reduir una barrera dentrada. La flexibilitzaci\u00f3 ling\u00fc\u00edstica no confirma per si mateixa com funcionen l&#039;homologaci\u00f3, l&#039;autoritzaci\u00f3 professional, la contractaci\u00f3 o els tr\u00e0mits de resid\u00e8ncia. Cada candidat haur\u00e0 de consultar les condicions aplicables al lloc.<\/p>\n<h2>Dades clau<\/h2>\n<ul>\n<li>La mesura de flexibilitzaci\u00f3 ling\u00fc\u00edstica va ser anunciada el novembre del 2025.<\/li>\n<li>Andorra afronta una manca de metges i necessita atreure professionals sanitaris.<\/li>\n<li>El catal\u00e0 continua sent un requisit rellevant a l&#039;entorn sanitari, encara que la seva exig\u00e8ncia s&#039;ha flexibilitzat.<\/li>\n<\/ul>\n<h2>Andorra flexibilitza el catal\u00e0 per atraure metges<\/h2>\n<p>Andorra ha introdu\u00eft flexibilitat en els requisits ling\u00fc\u00edstics per facilitar la incorporaci\u00f3 de metges i respondre a la manca de professionals sanitaris. La mesura pot permetre que es valorin candidats que encara no dominen el catal\u00e0, sempre que compleixin les altres condicions del lloc.<\/p>\n<p>El canvi pot ser especialment rellevant per als metges estrangers. La informaci\u00f3 disponible confirma l&#039;escassetat de professionals, per\u00f2 no detalla en quines especialitats es concentra ni quins llocs queden inclosos a la flexibilitzaci\u00f3.<\/p>\n<p>La flexibilitat ling\u00fc\u00edstica no elimina la necessitat de comunicar-se amb els pacients i l&#039;equip sanitari. Abans d&#039;acceptar una oferta, el professional ha de consultar quin nivell de comprensi\u00f3 i d&#039;expressi\u00f3 s&#039;espera durant la incorporaci\u00f3 i com es gestionar\u00e0 la millora de l&#039;idioma.<\/p>\n<p>La mesura va ser anunciada el novembre del 2025. Per con\u00e8ixer la seva aplicaci\u00f3 actual, el candidat ha de consultar el centre contractant i l&#039;Administraci\u00f3 competent.<\/p>\n<h2>Per qu\u00e8 falten metges a Andorra?<\/h2>\n<p>La dada confirmada per la font \u00e9s que Andorra afronta una manca de metges. El text disponible no necessita les causes, el nombre de vacants ni les especialitats m\u00e9s afectades.<\/p>\n<p>La flexibilitzaci\u00f3 dels requisits ling\u00fc\u00edstics cerca facilitar la incorporaci\u00f3 de professionals sanitaris. Segons el lloc de treball, el centre pot valorar de manera diferent l&#039;experi\u00e8ncia, l&#039;especialitat i les necessitats de comunicaci\u00f3 amb els pacients.<\/p>\n<p>La contractaci\u00f3 d&#039;un metge no dep\u00e8n nom\u00e9s de l&#039;idioma. El candidat ha de consultar quins requisits acad\u00e8mics, professionals i administratius s&#039;apliquen a la pla\u00e7a concreta.<\/p>\n<p>El repte consisteix a atreure professionals sense posar en risc la qualitat assistencial. La capacitat de comunicaci\u00f3 cl\u00ednica i la preparaci\u00f3 professional continuen sent aspectes que el centre contractant ha de valorar.<\/p>\n<h2>El gran obstacle: els requisits ling\u00fc\u00edstics per exercir<\/h2>\n<p>L&#039;exig\u00e8ncia del catal\u00e0 forma part del debat sobre la incorporaci\u00f3 de metges a Andorra. La decisi\u00f3 anunciada pel Govern introdueix flexibilitat perqu\u00e8 la manca de professionals dificulta cobrir les necessitats sanit\u00e0ries.<\/p>\n<p>Per a un professional que arriba des d&#039;un altre pa\u00eds, aprendre catal\u00e0 abans d&#039;incorporar-s&#039;hi pot endarrerir l&#039;inici de l&#039;activitat. La mesura pot reduir aquest obstacle, encara que la informaci\u00f3 disponible no especifica els nivells exigits ni els terminis dadaptaci\u00f3.<\/p>\n<p>La flexibilitzaci\u00f3 permet valorar separadament la preparaci\u00f3 cl\u00ednica i el coneixement inicial de l&#039;idioma. Un candidat pot consultar si el centre ofereix suport ling\u00fc\u00edstic o si espera que millori el nivell durant l&#039;exercici professional.<\/p>\n<p>Els requisits poden dependre del lloc i del contacte directe amb pacients. Una oferta laboral hauria d&#039;indicar quin nivell de comunicaci\u00f3 es necessita des del primer dia i quin marge hi ha per adquirir coneixements de catal\u00e0.<\/p>\n<h2>Andorra davant d&#039;Espanya: dos enfocaments per atraure metges<\/h2>\n<p>La mesura anunciada per Andorra flexibilitza un requisit ling\u00fc\u00edstic per respondre a la manca de metges. La informaci\u00f3 disponible no permet establir una comparaci\u00f3 completa amb Espanya ni afirmar que els tr\u00e0mits siguin m\u00e9s r\u00e0pids en un pa\u00eds o altre.<\/p>\n<p>A Espanya, les condicions poden variar segons la comunitat aut\u00f2noma, el tipus de pla\u00e7a i el centre sanitari. A Andorra, el candidat ha de consultar directament les exig\u00e8ncies aplicables a l&#039;oferta que us interessi.<\/p>\n<p>La flexibilitzaci\u00f3 ling\u00fc\u00edstica no vol dir que exercir a Andorra sigui autom\u00e0tic. El metge ha de confirmar quina documentaci\u00f3 acad\u00e8mica i professional necessita, quina autoritzaci\u00f3 requereix i quines condicions laborals i migrat\u00f2ries s&#039;apliquen.<\/p>\n<p>Per a qui vol <strong>treballar com a metge a Andorra<\/strong>, l&#039;idioma pot deixar de ser el primer obstacle en determinats processos dincorporaci\u00f3. L\u201fabast exacte d\u201faquesta possibilitat s\u201fha de confirmar amb l\u201focupador i amb l\u201fAdministraci\u00f3 competent.<\/p>\n<h2>Qu\u00e8 necessita un metge estranger per treballar a Andorra?<\/h2>\n<p>El primer pas \u00e9s consultar quina acreditaci\u00f3 s&#039;exigeix per a la titulaci\u00f3 i l&#039;especialitat. <strong>Homologar el t\u00edtol de medicina a Andorra<\/strong> pot dependre del pa\u00eds dorigen, de la documentaci\u00f3 disponible i del tipus dactivitat. La font no detalla el procediment.<\/p>\n<p>Tamb\u00e9 cal confirmar si cal una inscripci\u00f3 o autoritzaci\u00f3 professional. El candidat pot demanar a l&#039;ocupador una llista dels tr\u00e0mits, els documents que cal aportar i les gestions que s&#039;han de completar abans de comen\u00e7ar a atendre pacients.<\/p>\n<p>La contractaci\u00f3 i la resid\u00e8ncia requereixen una consulta espec\u00edfica. La nacionalitat, el tipus de contracte i la durada de la relaci\u00f3 laboral poden influir en els permisos necessaris per treballar legalment al Principat.<\/p>\n<p>Com a preparaci\u00f3 pr\u00e0ctica, el candidat pot reunir el t\u00edtol, lacreditaci\u00f3 de lespecialitat i el seu historial professional. El centre contractant ha de confirmar quins documents addicionals sol\u00b7licita i quin format han de tenir.<\/p>\n<p>La documentaci\u00f3 final dep\u00e8n del lloc, de l&#039;ocupador i de la situaci\u00f3 del professional. Consulteu aquests requisits abans de traslladar-vos ajuda a detectar possibles problemes de reconeixement o autoritzaci\u00f3.<\/p>\n<h2>La flexibilitzaci\u00f3 del catal\u00e0 garanteix poder exercir a Andorra?<\/h2>\n<p>No. La mesura facilita l&#039;acc\u00e9s ling\u00fc\u00edstic, per\u00f2 la informaci\u00f3 disponible no indica que substitueixi els requisits acad\u00e8mics, professionals o administratius necessaris per exercir.<\/p>\n<p>La comunicaci\u00f3 cl\u00ednica ha de ser suficient per comprendre els s\u00edmptomes, explicar-ne les indicacions i coordinar-se amb altres professionals. El candidat ha de preguntar com avalua el centre aquesta capacitat quan el nivell inicial de catal\u00e0 \u00e9s limitat.<\/p>\n<p>La incorporaci\u00f3 es pot organitzar de manera progressiva si el lloc i l&#039;ocupador ho permeten. El professional ha de confirmar si hi ha un per\u00edode dadaptaci\u00f3 i quin nivell ling\u00fc\u00edstic sespera despr\u00e9s.<\/p>\n<p>Abans d&#039;acceptar una oferta, demana al centre contractant una clara explicaci\u00f3 sobre el nivell de catal\u00e0, la documentaci\u00f3 professional, els terminis previstos i qui gestiona cada tr\u00e0mit. Contrasta aquesta informaci\u00f3 amb lAdministraci\u00f3 competent.<\/p>\n<h2>Avantatges d&#039;Andorra per a metges i altres professionals sanitaris<\/h2>\n<p>El principal avantatge confirmat per la font \u00e9s la flexibilitzaci\u00f3 d&#039;un requisit ling\u00fc\u00edstic davant de la manca de metges. Aix\u00f2 pot ampliar el nombre de professionals que poden presentar la candidatura.<\/p>\n<p>La informaci\u00f3 disponible no aporta dades sobre salaris, horaris, qualitat de vida, vivenda o altres condicions laborals. Per aix\u00f2 cada professional ha de demanar aquests detalls abans de valorar una oferta.<\/p>\n<p>Per comparar llocs, pregunteu per la jornada, les gu\u00e0rdies, el tipus de contracte, el suport ling\u00fc\u00edstic i la data prevista d&#039;incorporaci\u00f3. Tamb\u00e9 conv\u00e9 sol\u00b7licitar informaci\u00f3 sobre els tr\u00e0mits que assumir\u00e0 el centre.<\/p>\n<p>Les <strong>avantatges d&#039;exercir la medicina a Andorra<\/strong> no es poden valorar nom\u00e9s per la flexibilitzaci\u00f3 del catal\u00e0. El resultat dependr\u00e0 de les condicions concretes del lloc i de la situaci\u00f3 personal del metge.<\/p>\n<h2>Reptes i l\u00edmits de l&#039;estrat\u00e8gia de captaci\u00f3<\/h2>\n<p>La prioritat ha de ser la seguretat del pacient. Una comunicaci\u00f3 insuficient pot dificultar la recollida dinformaci\u00f3 cl\u00ednica, lexplicaci\u00f3 del tractament o la coordinaci\u00f3 entre professionals. El centre ha de definir com es cobreixen aquestes necessitats durant la incorporaci\u00f3.<\/p>\n<p>Els pacients han de rebre informaci\u00f3 comprensible i una atenci\u00f3 adequada, independentment del nivell inicial de catal\u00e0 del metge. La contractaci\u00f3 internacional no elimina la necessitat de mantenir els est\u00e0ndards professionals.<\/p>\n<p>Andorra haur\u00e0 d&#039;atreure metges en un context de manca de professionals. L&#039;idioma pot ser un factor d&#039;acc\u00e9s, per\u00f2 el candidat tamb\u00e9 compara les condicions concretes de cada oferta.<\/p>\n<p>La font no necessita si la flexibilitzaci\u00f3 \u00e9s temporal o permanent. La durada i l&#039;abast s&#039;han de confirmar mitjan\u00e7ant les comunicacions oficials i les condicions de cada convocat\u00f2ria.<\/p>\n<h2>Qu\u00e8 significa aquesta mesura per a metges que volen mudar-se a Andorra<\/h2>\n<p>Comen\u00e7a per comprovar si hi ha una vacant relacionada amb la teva especialitat. Despr\u00e9s prepara la documentaci\u00f3 acad\u00e8mica i professional i consulta el procediment de reconeixement del t\u00edtol.<\/p>\n<p>Pregunta a l&#039;ocupador qui tramita l&#039;autoritzaci\u00f3 professional, quins permisos necessites, quan podries comen\u00e7ar i quin nivell de comunicaci\u00f3 s&#039;exigir\u00e0. Demana tamb\u00e9 informaci\u00f3 sobre la jornada, les gu\u00e0rdies, el contracte i el suport ling\u00fc\u00edstic.<\/p>\n<p>Calculeu el cost complet del trasllat abans d&#039;acceptar l&#039;oferta. Inclou habitatge, transport, assegurances, escolaritzaci\u00f3 si tens fills i la situaci\u00f3 fiscal que et correspongui.<\/p>\n<p>Aprendre catal\u00e0 pot facilitar la comunicaci\u00f3 amb els pacients i la integraci\u00f3 a l&#039;equip, encara que el requisit inicial sigui flexible. Consulta quin nivell espera el centre i quin termini.<\/p>\n<h2>Preguntes freq\u00fcents<\/h2>\n<h3>Andorra exigeix parlar catal\u00e0 per treballar com a metge?<\/h3>\n<p>Andorra ha flexibilitzat l&#039;exig\u00e8ncia del catal\u00e0 per atraure metges davant de la manca de professionals. El requisit concret s&#039;ha de confirmar segons el lloc i el centre sanitari.<\/p>\n<h3>Un metge espanyol pot treballar a Andorra?<\/h3>\n<p>Podeu fer-ho si compleix els procediments de reconeixement o homologaci\u00f3 del t\u00edtol, autoritzaci\u00f3 professional, contractaci\u00f3 i resid\u00e8ncia o perm\u00eds de treball que corresponguin.<\/p>\n<h3>L&#039;homologaci\u00f3 del t\u00edtol de medicina \u00e9s obligat\u00f2ria a Andorra?<\/h3>\n<p>El professional ha de consultar quina acreditaci\u00f3 necessita per demostrar que la titulaci\u00f3 i l&#039;especialitat li permeten exercir. La via exacta dep\u00e8n del pa\u00eds dorigen i del tipus dactivitat.<\/p>\n<h3>Per qu\u00e8 Andorra necessita atraure metges estrangers?<\/h3>\n<p>El pa\u00eds afronta una manca de professionals sanitaris. La flexibilitzaci\u00f3 dels requisits ling\u00fc\u00edstics cerca facilitar la incorporaci\u00f3 de metges.<\/p>\n<h3>\u00c9s m\u00e9s f\u00e0cil exercir de metge a Andorra que a Espanya?<\/h3>\n<p>No es pot afirmar de manera general. Andorra ha flexibilitzat el requisit ling\u00fc\u00edstic per\u00f2 el metge ha de complir les condicions de titulaci\u00f3 i autoritzaci\u00f3 que corresponguin.<\/p>\n<h3>Conv\u00e9 aprendre catal\u00e0 per treballar a la sanitat andorrana?<\/h3>\n<p>S\u00ed. Tot i que l&#039;acc\u00e9s ling\u00fc\u00edstic pugui ser m\u00e9s flexible, aprendre catal\u00e0 pot facilitar la comunicaci\u00f3 amb els pacients i la integraci\u00f3 laboral.<\/p>\n<h3>Qu\u00e8 ha de fer un metge estranger abans de traslladar-se a Andorra?<\/h3>\n<p>Heu de consultar la demanda de la vostra especialitat, revisar el reconeixement del t\u00edtol, confirmar l&#039;autoritzaci\u00f3 per exercir, aconseguir una oferta laboral i comprovar els requisits migratoris i fiscals.<\/p>\n<p><script type=\"application\/ld+json\">{\n    \"@context\": \"https:\\\/\\\/schema.org\",\n    \"@type\": \"FAQPage\",\n    \"mainEntity\": [\n        {\n            \"@type\": \"Question\",\n            \"name\": \"\\u00bfAndorra exige hablar catal\\u00e1n para trabajar como m\\u00e9dico?\",\n            \"acceptedAnswer\": {\n                \"@type\": \"Answer\",\n                \"text\": \"Andorra ha flexibilizado la exigencia del catal\\u00e1n para atraer m\\u00e9dicos ante la falta de profesionales. El requisito concreto depende del puesto, del centro sanitario y del contacto con los pacientes.\"\n            }\n        },\n        {\n            \"@type\": \"Question\",\n            \"name\": \"\\u00bfPuede un m\\u00e9dico espa\\u00f1ol trabajar en Andorra?\",\n            \"acceptedAnswer\": {\n                \"@type\": \"Answer\",\n                \"text\": \"S\\u00ed, pero debe cumplir los procedimientos de reconocimiento u homologaci\\u00f3n del t\\u00edtulo, autorizaci\\u00f3n profesional, contrataci\\u00f3n y residencia o permiso de trabajo que correspondan.\"\n            }\n        },\n        {\n            \"@type\": \"Question\",\n            \"name\": \"\\u00bfLa homologaci\\u00f3n del t\\u00edtulo de medicina es obligatoria en Andorra?\",\n            \"acceptedAnswer\": {\n                \"@type\": \"Answer\",\n                \"text\": \"En general, el profesional debe acreditar que su titulaci\\u00f3n y especialidad son v\\u00e1lidas para ejercer. La v\\u00eda exacta depende del pa\\u00eds de origen y del tipo de actividad.\"\n            }\n        },\n        {\n            \"@type\": \"Question\",\n            \"name\": \"\\u00bfPor qu\\u00e9 Andorra necesita atraer m\\u00e9dicos extranjeros?\",\n            \"acceptedAnswer\": {\n                \"@type\": \"Answer\",\n                \"text\": \"El pa\\u00eds afronta una falta de profesionales sanitarios y cuenta con un mercado laboral peque\\u00f1o, por lo que necesita captar especialistas internacionales.\"\n            }\n        },\n        {\n            \"@type\": \"Question\",\n            \"name\": \"\\u00bfEs m\\u00e1s f\\u00e1cil ejercer de m\\u00e9dico en Andorra que en Espa\\u00f1a?\",\n            \"acceptedAnswer\": {\n                \"@type\": \"Answer\",\n                \"text\": \"Puede ser m\\u00e1s \\u00e1gil en aspectos como la flexibilidad ling\\u00fc\\u00edstica y el tama\\u00f1o administrativo, pero ambos pa\\u00edses mantienen requisitos de titulaci\\u00f3n y autorizaci\\u00f3n profesional.\"\n            }\n        },\n        {\n            \"@type\": \"Question\",\n            \"name\": \"\\u00bfConviene aprender catal\\u00e1n para trabajar en la sanidad andorrana?\",\n            \"acceptedAnswer\": {\n                \"@type\": \"Answer\",\n                \"text\": \"S\\u00ed. Aunque el acceso pueda ser m\\u00e1s flexible, aprender catal\\u00e1n facilita la comunicaci\\u00f3n con pacientes, la integraci\\u00f3n laboral y el desarrollo profesional a largo plazo.\"\n            }\n        },\n        {\n            \"@type\": \"Question\",\n            \"name\": \"\\u00bfQu\\u00e9 debe hacer un m\\u00e9dico extranjero antes de trasladarse a Andorra?\",\n            \"acceptedAnswer\": {\n                \"@type\": \"Answer\",\n                \"text\": \"Debe verificar la demanda de su especialidad, consultar la homologaci\\u00f3n, confirmar la autorizaci\\u00f3n para ejercer, conseguir una oferta laboral y revisar los requisitos migratorios y fiscales.\"\n            }\n        }\n    ]\n}<\/script><\/p>\n<h2>Fonts<\/h2>\n<p><a href=\"https:\/\/www.govern.ad\/\" target=\"_blank\" rel=\"noopener\">Govern d'Andorra<\/a>, informaci\u00f3 institucional sobre la mesura de flexibilitzaci\u00f3 dels requisits ling\u00fc\u00edstics per a professionals sanitaris, anunciada el novembre de 2025.<\/p>","protected":false},"excerpt":{"rendered":"<p>Andorra ha flexibilizado la exigencia del catal\u00e1n para incorporar m\u00e9dicos ante la falta de profesionales sanitarios. El Gobierno anunci\u00f3 la medida en noviembre de 2025, con el objetivo de facilitar la llegada de personal m\u00e9dico al pa\u00eds. Para un m\u00e9dico extranjero, este cambio puede reducir una barrera de entrada. La flexibilizaci\u00f3n ling\u00fc\u00edstica no confirma por &#8230; <a title=\"Requisits ling\u00fc\u00edstics per a metges a Andorra\" class=\"read-more\" href=\"https:\/\/andorrainsiders.com\/ca\/requisits-linguistics-medics-andorra\/\" aria-label=\"M\u00e9s informaci\u00f3 sobre Requisits ling\u00fc\u00edstics per a metges a Andorra\">Llegiu m\u00e9s<\/a><\/p>","protected":false},"author":1,"featured_media":0,"comment_status":"open","ping_status":"closed","sticky":false,"template":"","format":"standard","meta":{"footnotes":""},"categories":[],"tags":[1025,1027,1023,1024,1026],"class_list":["post-11314","post","type-post","status-publish","format-standard","hentry","tag-catalan-para-sanitarios","tag-homologar-titulo-de-medicina","tag-medicos-en-andorra","tag-requisitos-linguisticos","tag-trabajar-como-medico-en-andorra"],"_links":{"self":[{"href":"https:\/\/andorrainsiders.com\/ca\/wp-json\/wp\/v2\/posts\/11314","targetHints":{"allow":["GET"]}}],"collection":[{"href":"https:\/\/andorrainsiders.com\/ca\/wp-json\/wp\/v2\/posts"}],"about":[{"href":"https:\/\/andorrainsiders.com\/ca\/wp-json\/wp\/v2\/types\/post"}],"author":[{"embeddable":true,"href":"https:\/\/andorrainsiders.com\/ca\/wp-json\/wp\/v2\/users\/1"}],"replies":[{"embeddable":true,"href":"https:\/\/andorrainsiders.com\/ca\/wp-json\/wp\/v2\/comments?post=11314"}],"version-history":[{"count":0,"href":"https:\/\/andorrainsiders.com\/ca\/wp-json\/wp\/v2\/posts\/11314\/revisions"}],"wp:attachment":[{"href":"https:\/\/andorrainsiders.com\/ca\/wp-json\/wp\/v2\/media?parent=11314"}],"wp:term":[{"taxonomy":"category","embeddable":true,"href":"https:\/\/andorrainsiders.com\/ca\/wp-json\/wp\/v2\/categories?post=11314"},{"taxonomy":"post_tag","embeddable":true,"href":"https:\/\/andorrainsiders.com\/ca\/wp-json\/wp\/v2\/tags?post=11314"}],"curies":[{"name":"wp","href":"https:\/\/api.w.org\/{rel}","templated":true}]}}