{"id":11187,"date":"2026-08-03T11:35:46","date_gmt":"2026-08-03T09:35:46","guid":{"rendered":"https:\/\/andorrainsiders.com\/alquileres-mas-caros-de-andorra\/"},"modified":"2026-08-25T19:14:34","modified_gmt":"2026-08-25T17:14:34","slug":"alquileres-mas-caros-de-andorra","status":"publish","type":"post","link":"https:\/\/andorrainsiders.com\/ca\/lloguers-mes-cars-dandorra\/","title":{"rendered":"Lloguers m\u00e9s cars d&#039;Andorra: preus i mitja oficial"},"content":{"rendered":"<article>\n  <p>Els dos pisos amb els lloguers m\u00e9s elevats del pa\u00eds no s\u00f3n suficients per entendre quant costa viure a Andorra. La refer\u00e8ncia publicada pel cap de Govern, Xavier Espot, \u00e9s una altra: la mitjana dels contractes de lloguer registrats arriba als 14 euros per metre quadrat.<\/p>\n\n  <h2>Dades clau<\/h2>\n  <ul>\n    <li>14 euros per metre quadrat: mitjana comunicada per als contractes de lloguer registrats.<\/li>\n    <li>50 metres quadrats: c\u00e0lcul orientatiu de 700 euros al mes aplicant aquesta mitjana.<\/li>\n    <li>70 metres quadrats: c\u00e0lcul orientatiu de 980 euros al mes.<\/li>\n    <li>100 metres quadrats: c\u00e0lcul orientatiu de 1.400 euros al mes.<\/li>\n    <li>29 de juny del 2026: data de la informaci\u00f3 sobre la mitjana comunicada per Xavier Espot.<\/li>\n  <\/ul>\n\n  <h2>Quan costen els lloguers m\u00e9s cars d&#039;Andorra?<\/h2>\n\n  <p>La informaci\u00f3 publicada identifica els dos pisos de lloguer amb les rendes m\u00e9s elevades del pa\u00eds. El material disponible per a aquest article no inclou les quantitats mensuals concretes, la superf\u00edcie, la parr\u00f2quia ni les condicions dels habitatges. No es poden completar aquestes dades amb xifres no verificades.<\/p>\n\n  <p>El que s\u00ed que es pot afirmar \u00e9s que es tracta dels extrems superiors del mercat. La seva renda no permet calcular quant paga habitualment una persona o fam\u00edlia per un habitatge a Andorra. A m\u00e9s, l&#039;import total pot dependre tant de la superf\u00edcie com de la ubicaci\u00f3, l&#039;estat de l&#039;immoble, l&#039;equipament i els serveis inclosos.<\/p>\n\n  <p>Aquesta difer\u00e8ncia \u00e9s important per a qui busca <strong>lloguer de pisos a Andorra<\/strong>. Lanunci m\u00e9s car pot cridar latenci\u00f3, per\u00f2 no serveix per si sol per fixar un pressupost. Per comparar habitatges, \u00e9s m\u00e9s \u00fatil revisar la renda mensual, el preu per metre quadrat i les condicions del contracte.<\/p>\n\n  <p>Abans de comparar dos immobles, anoteu la renda, la superf\u00edcie, la ubicaci\u00f3, les despeses addicionals, l&#039;equipament i la durada del contracte. Un preu m\u00e9s alt pot estar relacionat amb un habitatge m\u00e9s gran o amb serveis inclosos, per\u00f2 nom\u00e9s el contracte permet confirmar qu\u00e8 cobreix realment loferta.<\/p>\n\n  <h2>El preu mitj\u00e0 oficial del lloguer a Andorra se situa en 14 euros per metre quadrat<\/h2>\n\n  <p>Xavier Espot ha posat en valor la creaci\u00f3 del <strong>registre de contractes de lloguer a Andorra<\/strong>, una eina relacionada amb els contractes formalitzats. Segons la dada comunicada, la mitjana arriba als 14 euros per metre quadrat.<\/p>\n\n  <p>El compte serveix com a orientaci\u00f3. Un habitatge de 50 metres quadrats tindria una renda te\u00f2rica de 700 euros al mes. Per a 70 metres quadrats, el resultat seria de 980 euros mensuals. En un habitatge de 100 metres quadrats, la mateixa mitjana donaria 1.400 euros al mes.<\/p>\n\n  <ul>\n    <li>50 m\u00b2 \u00d7 14 euros: 700 euros al mes.<\/li>\n    <li>70 m\u00b2 \u00d7 14 euros: 980 euros al mes.<\/li>\n    <li>100 m\u00b2 \u00d7 14 euros: 1400 euros al mes.<\/li>\n  <\/ul>\n\n  <p>Aquests c\u00e0lculs no s\u00f3n una tarifa aplicable autom\u00e0ticament a cada immoble. Els 14 euros representen una mitjana per superf\u00edcie, mentre que la renda que paga l&#039;inquil\u00ed \u00e9s una quantitat mensual total. Un pis de 50 metres quadrats pot costar m\u00e9s que un altre de 70 si hi ha difer\u00e8ncies d&#039;ubicaci\u00f3, estat, equipament o serveis inclosos.<\/p>\n\n  <p>Per con\u00e8ixer el cost real d&#039;un habitatge tamb\u00e9 cal revisar la calefacci\u00f3, el mobiliari, l&#039;aparcament, les despeses comunit\u00e0ries, els subministraments i qualsevol altre concepte previst al contracte.<\/p>\n\n  <h2>Per qu\u00e8 els pisos de lloguer d&#039;Andorra poden assolir preus tan elevats?<\/h2>\n\n  <p>La dada disponible confirma l&#039;exist\u00e8ncia de dos lloguers situats a la part m\u00e9s alta del mercat, per\u00f2 no explica per si mateix les raons dels preus. Algunes difer\u00e8ncies poden estar relacionades amb la superf\u00edcie, ubicaci\u00f3, estat, equipament o serveis de cada habitatge.<\/p>\n\n  <p>Les zones, les caracter\u00edstiques de l&#039;edifici i les condicions pactades poden influir a la renda final. Tamb\u00e9 \u00e9s possible que un habitatge amb aparcament, terrassa, mobiliari o serveis inclosos tingui un preu mensual superior a un altre amb una superf\u00edcie semblant. Sense les dades d&#039;aquests dos immobles, no se&#039;n pot atribuir el preu a un factor concret.<\/p>\n\n  <p>La modalitat de lloguer tamb\u00e9 importa. Un contracte residencial, un de temporal o un habitatge equipat per a una estada concreta poden tenir condicions diferents. Abans de comparar dues ofertes, comproveu que corresponen al mateix tipus d&#039;operaci\u00f3.<\/p>\n\n  <h2>El registre de contractes de lloguer: una eina per con\u00e8ixer el mercat<\/h2>\n\n  <p>El registre de contractes de lloguer aporta informaci\u00f3 sobre les operacions registrades i permet disposar d\u201funa refer\u00e8ncia basada en contractes, segons l\u201fexplicaci\u00f3 difosa juntament amb la dada dels 14 euros per metre quadrat.<\/p>\n\n  <p>La mitjana ajuda a contextualitzar una oferta, per\u00f2 no determina el preu de cada vivenda. Per analitzar un immoble concret cal relacionar la renda mensual amb la superf\u00edcie i revisar-ne la ubicaci\u00f3, l&#039;estat i les condicions incloses.<\/p>\n\n  <p>La refer\u00e8ncia tamb\u00e9 pot ser \u00fatil per plantejar preguntes al propietari oa l&#039;ag\u00e8ncia quan el preu d&#039;un habitatge s&#039;allunya molt de la mitjana. La comparaci\u00f3 nom\u00e9s \u00e9s v\u00e0lida si es tenen en compte immobles de caracter\u00edstiques semblants.<\/p>\n\n  <p>El registre no substitueix la lectura del contracte. Abans de signar, revisa la fian\u00e7a, les reparacions, l&#039;actualitzaci\u00f3 de la renda, la durada, la renovaci\u00f3, la rescissi\u00f3 i les despeses incloses.<\/p>\n\n  <h2>Quina difer\u00e8ncia hi ha entre el lloguer mitj\u00e0 i el preu dun pis de luxe?<\/h2>\n\n  <p>Una mitjana estad\u00edstica serveix per orientar-se, per\u00f2 no permet taxar directament un habitatge de luxe. Al mercat hi pot haver immobles amb caracter\u00edstiques molt diferents, per la qual cosa una xifra mitjana no reflecteix el preu de cada propietat.<\/p>\n\n  <p>La superf\u00edcie tamb\u00e9 canvia la percepci\u00f3. Un habitatge gran pot tenir una renda mensual total elevada i, alhora, un preu per metre quadrat inferior al d&#039;un pis petit. Per aix\u00f2 \u00e9s \u00fatil revisar les dues xifres: el cost mensual total i el cost per superf\u00edcie.<\/p>\n\n  <p>Abans d&#039;escollir entre dues opcions, prepara una fitxa amb la renda, els metres quadrats, la ubicaci\u00f3, l&#039;aparcament, el mobiliari, les despeses comunit\u00e0ries i els subministraments. Afegeix la durada del contracte i les condicions de sortida. Aix\u00ed podreu comprovar si la difer\u00e8ncia de preu respon a prestacions concretes.<\/p>\n\n  <h2>Qu\u00e8 ha de tenir en compte un estranger que cerca llogar a Andorra?<\/h2>\n\n  <p>La primera revisi\u00f3 consisteix a confirmar les condicions de la vivenda i del contracte. Tamb\u00e9 \u00e9s important comprovar quina documentaci\u00f3 demana el propietari o l&#039;ag\u00e8ncia abans de comprometre&#039;s amb una oferta.<\/p>\n\n  <p>En una operaci\u00f3 es poden sol\u00b7licitar documents didentificaci\u00f3, informaci\u00f3 sobre lactivitat professional, proves de solv\u00e8ncia, refer\u00e8ncies i una fian\u00e7a. La documentaci\u00f3 exacta dep\u00e8n de cada cas, de manera que \u00e9s recomanable demanar la llista per escrit.<\/p>\n\n  <p>Pregunta qu\u00e8 inclou la renda. Comunitat, calefacci\u00f3, aigua, aparcament, traster, connexi\u00f3 a internet i assegurances poden estar incloses, excloses o subjectes a l\u00edmits. La difer\u00e8ncia entre dues ofertes no sempre \u00e9s a l&#039;import anunciat.<\/p>\n\n  <p>Llegeix les cl\u00e0usules sobre l&#039;actualitzaci\u00f3, la durada, la renovaci\u00f3, la rescissi\u00f3, les reparacions i la devoluci\u00f3 de la fian\u00e7a. Les condicions importants han d&#039;apar\u00e8ixer al contracte. Tamb\u00e9 podeu comparar l&#039;oferta amb habitatges de caracter\u00edstiques similars i demanar una explicaci\u00f3 quan el preu s&#039;allunyi molt de la refer\u00e8ncia.<\/p>\n\n  <h2>Impacte dels lloguers m\u00e9s cars als que volen viure o crear una empresa a Andorra<\/h2>\n\n  <p>La renda mensual ha dencaixar amb el pressupost total de la persona, la fam\u00edlia o el professional que es trasllada. A m\u00e9s del lloguer, cal calcular els subministraments, el transport, l&#039;alimentaci\u00f3, les assegurances i altres despeses personals o professionals.<\/p>\n\n  <p>Un habitatge de preu elevat pot tenir sentit si les seves caracter\u00edstiques responen a les necessitats del llogater. Si no s&#039;utilitzaran totes les prestacions, comparar superf\u00edcies, ubicacions i condicions contractuals pot ajudar a reduir el cost mensual.<\/p>\n\n  <p>Qui es trasllada per feina o per activitat empresarial tamb\u00e9 hauria de calcular el cost de l&#039;habitatge abans d&#039;assumir altres compromisos. El lloguer \u00e9s una part del pressupost d&#039;instal\u00b7laci\u00f3 i cal relacionar-lo amb la durada prevista de l&#039;estada.<\/p>\n\n  <p>Abans de signar durant un per\u00edode llarg, revisa les condicions de sortida, la renovaci\u00f3 i les despeses que assumir\u00e0s cada mes. Aquesta informaci\u00f3 permet valorar el cost real del comprom\u00eds.<\/p>\n\n  <h2>Perspectives del mercat del lloguer a Andorra<\/h2>\n\n  <p>La mitjana de 14 euros per metre quadrat ofereix una refer\u00e8ncia per analitzar el mercat per\u00f2 no permet anticipar el preu d&#039;un habitatge concret. L&#039;evoluci\u00f3 futura dependr\u00e0 de factors que no apareixen detallats a la informaci\u00f3 facilitada.<\/p>\n\n  <p>El registre de contractes pot ajudar a comparar els imports registrats ia seguir-ne l&#039;evoluci\u00f3 quan es publiquin noves dades. Perqu\u00e8 la comparaci\u00f3 sigui \u00fatil, caldr\u00e0 distingir entre superf\u00edcies, ubicacions i caracter\u00edstiques diferents.<\/p>\n\n  <p>La publicaci\u00f3 d&#039;una mitjana oficial facilita una primera orientaci\u00f3 per a qui cerca habitatge. Tot i aix\u00ed, els dos lloguers m\u00e9s cars han d&#039;analitzar-se com a casos concrets i no com una representaci\u00f3 de tot el mercat.<\/p>\n\n  <h2>Conclusi\u00f3: qu\u00e8 revela el preu dels dos pisos m\u00e9s cars<\/h2>\n\n  <p>Els dos pisos destacats mostren que hi ha lloguers situats al segment m\u00e9s elevat, encara que les quantitats mensuals concretes no consten en la informaci\u00f3 facilitada per a aquest article. La refer\u00e8ncia verificable \u00e9s la mitjana de 14 euros per metre quadrat comunicada a partir dels contractes registrats.<\/p>\n\n  <p>La conclusi\u00f3 pr\u00e0ctica \u00e9s clara: una mitjana no substitueix l\u201fan\u00e0lisi de cada habitatge. Per prendre una decisi\u00f3, compara el cost mensual, la superf\u00edcie, la ubicaci\u00f3, els serveis inclosos i les condicions del contracte, en comptes de fer servir l&#039;anunci m\u00e9s car com a refer\u00e8ncia.<\/p>\n\n  <p>En <a href=\"https:\/\/andorrainsiders.com\/ca\/\">Andorra Insiders<\/a> us podem ajudar a estudiar el vostre pressupost, comparar zones i valorar les implicacions de llogar, invertir o establir-vos a Andorra abans d&#039;assumir un comprom\u00eds.<\/p>\n\n  <h2>Preguntes freq\u00fcents<\/h2>\n\n  <h3>Quin \u00e9s el preu mitj\u00e0 oficial del lloguer a Andorra?<\/h3>\n  <p>La mitjana comunicada per Xavier Espot \u00e9s de 14 euros per metre quadrat, segons els contractes inclosos al registre de lloguers.<\/p>\n\n  <h3>Quan costen els dos pisos de lloguer m\u00e9s cars d&#039;Andorra?<\/h3>\n  <p>La informaci\u00f3 facilitada identifica els dos pisos com els de renda m\u00e9s elevada, per\u00f2 no inclou els imports mensuals concrets. Per aix\u00f2, no \u00e9s possible indicar una xifra sense inventar dades.<\/p>\n\n  <h3>El preu mitj\u00e0 de 14 euros per metre quadrat s&#039;aplica a tots els pisos?<\/h3>\n  <p>No. \u00c9s una mitjana estad\u00edstica. El preu final dep\u00e8n de la superf\u00edcie, ubicaci\u00f3, estat, equipament, serveis i condicions del contracte.<\/p>\n\n  <h3>Qu\u00e8 \u00e9s el registre de contractes de lloguer d&#039;Andorra?<\/h3>\n  <p>\u00c9s una eina oficial relacionada amb la recopilaci\u00f3 dinformaci\u00f3 dels contractes de lloguer i permet disposar duna refer\u00e8ncia basada en operacions registrades.<\/p>\n\n  <h3>Quines despeses cal afegir al lloguer d&#039;un pis a Andorra?<\/h3>\n  <p>A m\u00e9s de la renda, poden existir despeses de comunitat, subministraments, calefacci\u00f3, aparcament, internet, assegurances, fian\u00e7a i altres conceptes previstos al contracte.<\/p>\n\n  <script type=\"application\/ld+json\">{\n    \"@context\": \"https:\\\/\\\/schema.org\",\n    \"@type\": \"FAQPage\",\n    \"mainEntity\": [\n        {\n            \"@type\": \"Question\",\n            \"name\": \"\\u00bfCu\\u00e1l es el precio medio oficial del alquiler en Andorra?\",\n            \"acceptedAnswer\": {\n                \"@type\": \"Answer\",\n                \"text\": \"La media oficial comunicada por Xavier Espot es de 14 euros por metro cuadrado, seg\\u00fan los contratos incluidos en el registro de alquileres.\"\n            }\n        },\n        {\n            \"@type\": \"Question\",\n            \"name\": \"\\u00bfCu\\u00e1nto cuestan los dos pisos de alquiler m\\u00e1s caros de Andorra?\",\n            \"acceptedAnswer\": {\n                \"@type\": \"Answer\",\n                \"text\": \"La informaci\\u00f3n facilitada identifica los dos pisos como los de renta m\\u00e1s elevada, pero no incluye sus importes mensuales concretos. Por ese motivo no es posible indicar una cifra sin inventar datos.\"\n            }\n        },\n        {\n            \"@type\": \"Question\",\n            \"name\": \"\\u00bfEl precio medio de 14 euros por metro cuadrado se aplica a todos los pisos?\",\n            \"acceptedAnswer\": {\n                \"@type\": \"Answer\",\n                \"text\": \"No. Es una media estad\\u00edstica. El precio final depende de la parroquia, la superficie, el estado, el equipamiento, los servicios y las caracter\\u00edsticas del inmueble.\"\n            }\n        },\n        {\n            \"@type\": \"Question\",\n            \"name\": \"\\u00bfQu\\u00e9 es el registro de contratos de alquiler de Andorra?\",\n            \"acceptedAnswer\": {\n                \"@type\": \"Answer\",\n                \"text\": \"Es una herramienta oficial que recopila informaci\\u00f3n contractual para conocer mejor las rentas reales y aumentar la transparencia del mercado.\"\n            }\n        },\n        {\n            \"@type\": \"Question\",\n            \"name\": \"\\u00bfQu\\u00e9 gastos hay que sumar al alquiler de un piso en Andorra?\",\n            \"acceptedAnswer\": {\n                \"@type\": \"Answer\",\n                \"text\": \"Adem\\u00e1s de la renta, pueden existir gastos de comunidad, suministros, calefacci\\u00f3n, aparcamiento, internet, seguros, fianza y otros conceptos previstos en el contrato.\"\n            }\n        }\n    ]\n}<\/script>\n\n  <h2>Fonts<\/h2>\n  <ul>\n    <li><a href=\"https:\/\/www.govern.ad\/\" target=\"_blank\" rel=\"noopener\">Portal oficial del Govern d&#039;Andorra<\/a>, refer\u00e8ncia institucional sobre el registre de contractes de lloguer i la informaci\u00f3 comunicada per Xavier Espot.<\/li>\n  <\/ul>\n<\/article>\n\n\n<p class=\"ultima-actualizacion\"><strong>\u00daltima actualitzaci\u00f3:<\/strong> agost del 2026. La informaci\u00f3 d&#039;aquest article es contrasta regularment amb fonts oficials del Govern d&#039;Andorra.<\/p>\n\n\n\n<div class=\"wp-block-group fuentes-autoridad\"><div class=\"wp-block-group__inner-container is-layout-flow wp-block-group-is-layout-flow\">\n\n<h3 class=\"wp-block-heading\">Fonts oficials<\/h3>\n\n\n<ul class=\"wp-block-list\"><li><a href=\"https:\/\/www.estadistica.ad\/\" target=\"_blank\" rel=\"noopener noreferrer\">Estad\u00edstiques d&#039;habitatge i preus<\/a> - Departament d&#039;Estad\u00edstica d&#039;Andorra<\/li>\n<li><a href=\"https:\/\/www.govern.ad\/\" target=\"_blank\" rel=\"noopener noreferrer\">Govern d&#039;Andorra<\/a> Govern del Principat d&#039;Andorra<\/li><\/ul>\n\n<\/div><\/div>\n\n\n\n<div class=\"wp-block-group datos-clave-andorra\"><div class=\"wp-block-group__inner-container is-layout-flow wp-block-group-is-layout-flow\">\n\n<h4 class=\"wp-block-heading\">\ud83d\udcca Dades clau (2025\u20132026)<\/h4>\n\n\n<ul class=\"wp-block-list\"><li>La referencia publicada por el jefe de Gobierno, Xavier Espot, es otra: la media de los contratos de alquiler registrados alcanza los 14 euros por metro cuadrado.<\/li><li>Datos clave 14 euros por metro cuadrado: media comunicada para los contratos de alquiler registrados.<\/li><li>50 metres quadrats: c\u00e0lcul orientatiu de 700 euros al mes aplicant aquesta mitjana.<\/li><li>70 metres quadrats: c\u00e0lcul orientatiu de 980 euros al mes.<\/li><li>100 metres quadrats: c\u00e0lcul orientatiu de 1.400 euros al mes.<\/li><\/ul>\n\n<\/div><\/div>\n\n\n\n<script type=\"application\/ld+json\">{\n    \"@context\": \"https:\\\/\\\/schema.org\",\n    \"@type\": \"Article\",\n    \"@id\": \"https:\\\/\\\/andorrainsiders.com\\\/alquileres-mas-caros-de-andorra\\\/#article\",\n    \"headline\": \"Alquileres m\\u00e1s caros de Andorra: precios y media oficial\",\n    \"url\": \"https:\\\/\\\/andorrainsiders.com\\\/alquileres-mas-caros-de-andorra\\\/\",\n    \"datePublished\": \"2026-08-03\",\n    \"dateModified\": \"2026-08-03\",\n    \"author\": {\n        \"@type\": \"Person\",\n        \"name\": \"Jose Sanchis\",\n        \"url\": \"https:\\\/\\\/andorrainsiders.com\\\/author\\\/insider\\\/\"\n    },\n    \"publisher\": {\n        \"@type\": \"Organization\",\n        \"name\": \"Andorra Insiders\",\n        \"url\": \"https:\\\/\\\/andorrainsiders.com\",\n        \"logo\": {\n            \"@type\": \"ImageObject\",\n            \"url\": \"https:\\\/\\\/andorrainsiders.com\\\/wp-content\\\/uploads\\\/2020\\\/09\\\/andorra-insiders-logo.png\"\n        }\n    },\n    \"inLanguage\": \"es\",\n    \"mainEntityOfPage\": {\n        \"@type\": \"WebPage\",\n        \"@id\": \"https:\\\/\\\/andorrainsiders.com\\\/alquileres-mas-caros-de-andorra\\\/\"\n    },\n    \"image\": {\n        \"@type\": \"ImageObject\",\n        \"url\": \"https:\\\/\\\/andorrainsiders.com\\\/wp-content\\\/uploads\\\/2026\\\/08\\\/alquileres-mas-caros-de-andorra.png\",\n        \"name\": \"alquileres-mas-caros-de-andorra\",\n        \"inLanguage\": \"es\"\n    },\n    \"keywords\": \"alquileres, caros, andorra, precios, media, oficial\",\n    \"about\": {\n        \"@type\": \"Thing\",\n        \"name\": \"Alquileres m\\u00e1s caros de Andorra\"\n    },\n    \"citation\": [\n        {\n            \"@type\": \"CreativeWork\",\n            \"url\": \"https:\\\/\\\/www.estadistica.ad\\\/\",\n            \"name\": \"Estad\\u00edsticas de vivienda y precios\",\n            \"author\": {\n                \"@type\": \"Organization\",\n                \"name\": \"Departament d'Estad\\u00edstica d'Andorra\"\n            }\n        },\n        {\n            \"@type\": \"CreativeWork\",\n            \"url\": \"https:\\\/\\\/www.govern.ad\\\/\",\n            \"name\": \"Govern d'Andorra\",\n            \"author\": {\n                \"@type\": \"Organization\",\n                \"name\": \"Gobierno del Principado de Andorra\"\n            }\n        }\n    ]\n}<\/script>\n\n\n\n<script type=\"application\/ld+json\">{\n    \"@context\": \"https:\\\/\\\/schema.org\",\n    \"@type\": \"WebPage\",\n    \"@id\": \"https:\\\/\\\/andorrainsiders.com\\\/alquileres-mas-caros-de-andorra\\\/\",\n    \"speakable\": {\n        \"@type\": \"SpeakableSpecification\",\n        \"cssSelector\": [\n            \".entry-title\",\n            \".entry-content > p:first-of-type\",\n            \".entry-content h2\"\n        ]\n    }\n}<\/script>\n\n\n\n<script type=\"application\/ld+json\">{\n    \"@context\": \"https:\\\/\\\/schema.org\",\n    \"@type\": \"BreadcrumbList\",\n    \"itemListElement\": [\n        {\n            \"@type\": \"ListItem\",\n            \"position\": 1,\n            \"name\": \"Inicio\",\n            \"item\": \"https:\\\/\\\/andorrainsiders.com\"\n        },\n        {\n            \"@type\": \"ListItem\",\n            \"position\": 2,\n            \"name\": \"Informaci\\u00f3n y noticias\",\n            \"item\": \"https:\\\/\\\/andorrainsiders.com\\\/category\\\/informacion-y-noticias\\\/\"\n        },\n        {\n            \"@type\": \"ListItem\",\n            \"position\": 3,\n            \"name\": \"Alquileres m\\u00e1s caros de Andorra: precios y media oficial\",\n            \"item\": \"https:\\\/\\\/andorrainsiders.com\\\/alquileres-mas-caros-de-andorra\\\/\"\n        }\n    ]\n}<\/script>","protected":false},"excerpt":{"rendered":"<p>Los dos pisos con los alquileres m\u00e1s elevados del pa\u00eds no bastan para entender cu\u00e1nto cuesta vivir en Andorra. La referencia publicada por el jefe de Gobierno, Xavier Espot, es otra: la media de los contratos de alquiler registrados alcanza los 14 euros por metro cuadrado. Datos clave 14 euros por metro cuadrado: media comunicada &#8230; <a title=\"Lloguers m\u00e9s cars d&#039;Andorra: preus i mitja oficial\" class=\"read-more\" href=\"https:\/\/andorrainsiders.com\/ca\/lloguers-mes-cars-dandorra\/\" aria-label=\"M\u00e9s informaci\u00f3 sobre Lloguers m\u00e9s cars d&#039;Andorra: preus i mitja oficial\">Llegiu m\u00e9s<\/a><\/p>","protected":false},"author":1,"featured_media":11186,"comment_status":"open","ping_status":"closed","sticky":false,"template":"","format":"standard","meta":{"footnotes":""},"categories":[1],"tags":[969,970,818,971,972],"class_list":["post-11187","post","type-post","status-publish","format-standard","has-post-thumbnail","hentry","category-sin-categoria","tag-alquileres-en-andorra","tag-alquileres-mas-caros-de-andorra","tag-mercado-inmobiliario-de-andorra","tag-precio-medio-del-alquiler-en-andorra","tag-registro-de-contratos-de-alquiler"],"_links":{"self":[{"href":"https:\/\/andorrainsiders.com\/ca\/wp-json\/wp\/v2\/posts\/11187","targetHints":{"allow":["GET"]}}],"collection":[{"href":"https:\/\/andorrainsiders.com\/ca\/wp-json\/wp\/v2\/posts"}],"about":[{"href":"https:\/\/andorrainsiders.com\/ca\/wp-json\/wp\/v2\/types\/post"}],"author":[{"embeddable":true,"href":"https:\/\/andorrainsiders.com\/ca\/wp-json\/wp\/v2\/users\/1"}],"replies":[{"embeddable":true,"href":"https:\/\/andorrainsiders.com\/ca\/wp-json\/wp\/v2\/comments?post=11187"}],"version-history":[{"count":1,"href":"https:\/\/andorrainsiders.com\/ca\/wp-json\/wp\/v2\/posts\/11187\/revisions"}],"predecessor-version":[{"id":11233,"href":"https:\/\/andorrainsiders.com\/ca\/wp-json\/wp\/v2\/posts\/11187\/revisions\/11233"}],"wp:featuredmedia":[{"embeddable":true,"href":"https:\/\/andorrainsiders.com\/ca\/wp-json\/wp\/v2\/media\/11186"}],"wp:attachment":[{"href":"https:\/\/andorrainsiders.com\/ca\/wp-json\/wp\/v2\/media?parent=11187"}],"wp:term":[{"taxonomy":"category","embeddable":true,"href":"https:\/\/andorrainsiders.com\/ca\/wp-json\/wp\/v2\/categories?post=11187"},{"taxonomy":"post_tag","embeddable":true,"href":"https:\/\/andorrainsiders.com\/ca\/wp-json\/wp\/v2\/tags?post=11187"}],"curies":[{"name":"wp","href":"https:\/\/api.w.org\/{rel}","templated":true}]}}